{"id":209131,"date":"2019-01-31T21:03:44","date_gmt":"2019-01-31T20:03:44","guid":{"rendered":"https:\/\/felixdamianfilms.com\/en\/?p=209131"},"modified":"2019-01-31T21:11:55","modified_gmt":"2019-01-31T20:11:55","slug":"nueva-tienda-decimas-en-la-gran-via-de-madrid","status":"publish","type":"post","link":"https:\/\/felixdamianfilms.com\/en\/nueva-tienda-decimas-en-la-gran-via-de-madrid\/","title":{"rendered":"Nueva tienda Decimas en la Gran V\u00eda de Madrid"},"content":{"rendered":"<p>[et_pb_section bb_built=&#8221;1&#8243; admin_label=&#8221;section&#8221; background_color=&#8221;#ffffff&#8221; _builder_version=&#8221;3.19.3&#8243; transparent_background=&#8221;off&#8221; padding_mobile=&#8221;off&#8221; next_background_color=&#8221;#f7f7f4&#8243; background_image=&#8221;https:\/\/felixdamianfilms.com\/en\/wp-content\/uploads\/2019\/01\/fotografo-para-eventos-decimas-gran-via-madrid-1.jpg&#8221;][et_pb_row _builder_version=&#8221;3.0.47&#8243; background_size=&#8221;initial&#8221; background_position=&#8221;top_left&#8221; background_repeat=&#8221;repeat&#8221;][et_pb_column type=&#8221;4_4&#8243;][et_pb_divider height=&#8221;200&#8243; disabled_on=&#8221;on&#8221; _builder_version=&#8221;3.2&#8243; hide_on_mobile=&#8221;on&#8221; color=&#8221;#ffffff&#8221; show_divider=&#8221;off&#8221; \/][et_pb_text admin_label=&#8221;Titulo&#8221; _builder_version=&#8221;3.19.3&#8243; text_font=&#8221;PT Sans||||&#8221; text_font_size=&#8221;72&#8243; text_font_size_tablet=&#8221;52&#8243; text_font_size_last_edited=&#8221;on|tablet&#8221; text_text_color=&#8221;#ffffff&#8221; text_line_height=&#8221;1.1em&#8221; border_color_all=&#8221;#ffffff&#8221; max_width=&#8221;620px&#8221; custom_margin=&#8221;0px||0px|&#8221; use_border_color=&#8221;off&#8221; border_color=&#8221;#ffffff&#8221; border_style=&#8221;solid&#8221;]<\/p>\n<p>Nueva tienda Decimas en la Gran V\u00eda de Madrid<\/p>\n<p>\u00a0<\/p>\n<p>\u00a0<\/p>\n<p>\u00a0<\/p>\n<p>[\/et_pb_text][\/et_pb_column][\/et_pb_row][\/et_pb_section][et_pb_section bb_built=&#8221;1&#8243; background_color=&#8221;#f7f7f4&#8243; custom_padding_last_edited=&#8221;on|desktop&#8221; _builder_version=&#8221;3.0.47&#8243; custom_padding_tablet=&#8221;50px|0|50px|0&#8243; transparent_background=&#8221;off&#8221; padding_mobile=&#8221;off&#8221; prev_background_color=&#8221;#ffffff&#8221; next_background_color=&#8221;#ffffff&#8221;][et_pb_row use_custom_gutter=&#8221;on&#8221; gutter_width=&#8221;1&#8243; custom_padding=&#8221;50px|||&#8221; custom_padding_tablet=&#8221;17px|||&#8221; column_padding_mobile=&#8221;on&#8221; parallax_method_1=&#8221;off&#8221; custom_padding_last_edited=&#8221;on|tablet&#8221; _builder_version=&#8221;3.0.90&#8243; background_size=&#8221;initial&#8221; background_position=&#8221;top_left&#8221; background_repeat=&#8221;repeat&#8221; make_fullwidth=&#8221;on&#8221; disabled_on=&#8221;off|off|off&#8221; disabled=&#8221;off&#8221;][et_pb_column type=&#8221;4_4&#8243;][et_pb_text admin_label=&#8221;Articol&#8221; _builder_version=&#8221;3.19.3&#8243; text_font=&#8221;PT Serif||||&#8221; text_font_size=&#8221;20&#8243; text_font_size_last_edited=&#8221;on|tablet&#8221; text_text_color=&#8221;#363636&#8243; text_line_height=&#8221;1.5em&#8221; border_color_all=&#8221;#ffffff&#8221; max_width=&#8221;620px&#8221; custom_margin=&#8221;30px||0px|&#8221; use_border_color=&#8221;off&#8221;]<\/p>\n<p>En este evento de empresa hemos sido elegidos de nuevo por Decimas para realizar las fotos y varios v\u00eddeos cortos de la fiesta de apertura de su tienda en la Gran Via.<\/p>\n<p>Nuestro equipo se ha encargado de la cobertura foto y v\u00eddeo de este evento y despu\u00e9s de unos d\u00edas se han podido publicar en las cuentas de Instagram y Facebook de Decimas las fotograf\u00edas de la inauguraci\u00f3n<\/p>\n<p><iframe loading=\"lazy\" style=\"border: none; overflow: hidden;\" src=\"https:\/\/www.facebook.com\/plugins\/post.php?href=https%3A%2F%2Fwww.facebook.com%2Fmedia%2Fset%2F%3Fset%3Da.2173515719396046%26type%3D3&amp;width=500\" width=\"500\" height=\"689\" frameborder=\"0\" scrolling=\"no\"><\/iframe><\/p>\n<p>La reconocida marca de ropa deportiva luce ya una nueva tienda, en pleno centro de la capital, en el numero 30 de la Gran V\u00eda de Madrid.<\/p>\n<p>Nuestro equipo ha estado en los momentos m\u00e1s concurridos de la fiesta, cuando los clientes de\u00a0Decimas Gran V\u00eda se han hecho fotos, han recibido descuentos y han podido probar unos deliciosos hot-dogs ofrecidos por los anfitriones.<\/p>\n<p>La tienda Decimas Gran V\u00eda Madrid esta situada junto al edificio Telef\u00f3nica y ofrece una variedad abrumadora de art\u00edculos deportivos de gran calidad.<\/p>\n<p>Aqu\u00ed se puede ver uno de los v\u00eddeos de evento realizados despu\u00e9s de la inauguraci\u00f3n.<\/p>\n<p><iframe loading=\"lazy\" src=\"https:\/\/player.vimeo.com\/video\/314400430\" width=\"640\" height=\"360\" frameborder=\"0\" allowfullscreen=\"allowfullscreen\"><\/iframe><\/p>\n<p>[\/et_pb_text][et_pb_gallery admin_label=&#8221;Gallery Keisy&#8221; gallery_ids=&#8221;206197,206196,206195,206189,206190,206191,206186,206192,206193,206194,206188,206187&#8243; gallery_captions=&#8221;,,,,,,,,,,,,,,,,,,,&#8221; posts_number=&#8221;12&#8243; orientation=&#8221;portrait&#8221; show_title_and_caption=&#8221;off&#8221; _builder_version=&#8221;3.7&#8243; pagination_font_size_tablet=&#8221;51&#8243; pagination_line_height_tablet=&#8221;2&#8243; box_shadow_style=&#8221;preset2&#8243; saved_tabs=&#8221;all&#8221; disabled_on=&#8221;on|on|on&#8221; disabled=&#8221;on&#8221; \/][et_pb_text admin_label=&#8221;Autor&#8221; _builder_version=&#8221;3.7&#8243; text_font=&#8221;Lora||||||||&#8221; text_font_size=&#8221;1em&#8221; text_text_color=&#8221;#323232&#8243; text_line_height=&#8221;1.1em&#8221; border_color_all=&#8221;#ffffff&#8221; custom_margin=&#8221;0px||0px|&#8221; use_border_color=&#8221;off&#8221; text_font_size_last_edited=&#8221;on|desktop&#8221; disabled_on=&#8221;on|on|on&#8221; disabled=&#8221;on&#8221;]<\/p>\n<p style=\"text-align: left;\"><img loading=\"lazy\" decoding=\"async\" class=\"wp-image-206164 size-thumbnail\" src=\"https:\/\/felixdamianfilms.com\/en\/wp-content\/uploads\/2018\/03\/felix-damian-fotografo-retrato-web-150x150.png\" alt=\"felix-damian-fotografo-retrato-web\" width=\"150\" height=\"150\" srcset=\"https:\/\/felixdamianfilms.com\/en\/wp-content\/uploads\/2018\/03\/felix-damian-fotografo-retrato-web-150x150.png 150w, https:\/\/felixdamianfilms.com\/en\/wp-content\/uploads\/2018\/03\/felix-damian-fotografo-retrato-web.png 300w\" sizes=\"(max-width: 150px) 100vw, 150px\" \/><\/p>\n<p style=\"text-align: left;\">\u00a0 \u00a0<strong>Felix Damian<\/strong><\/p>\n<p style=\"text-align: left;\">\n<p>[\/et_pb_text][\/et_pb_column][\/et_pb_row][\/et_pb_section][et_pb_section bb_built=&#8221;1&#8243; disabled_on=&#8221;on|on|on&#8221; _builder_version=&#8221;3.0.47&#8243; prev_background_color=&#8221;#f7f7f4&#8243; disabled=&#8221;on&#8221;][et_pb_row use_custom_width=&#8221;on&#8221; custom_width_px=&#8221;780px&#8221; padding_mobile=&#8221;off&#8221; column_padding_mobile=&#8221;on&#8221; parallax_method_1=&#8221;off&#8221; _builder_version=&#8221;3.0.47&#8243; background_size=&#8221;initial&#8221; background_position=&#8221;top_left&#8221; background_repeat=&#8221;repeat&#8221;][et_pb_column type=&#8221;4_4&#8243;][et_pb_text disabled_on=&#8221;on|on|on&#8221; _builder_version=&#8221;3.0.90&#8243; text_font=&#8221;PT Serif||||&#8221; text_font_size=&#8221;36&#8243; text_font_size_tablet=&#8221;26&#8243; text_font_size_last_edited=&#8221;on|tablet&#8221; text_text_color=&#8221;#363636&#8243; text_line_height=&#8221;1.4em&#8221; border_color_all=&#8221;#ffffff&#8221; module_alignment=&#8221;center&#8221; custom_margin=&#8221;||70px|&#8221; use_border_color=&#8221;off&#8221; disabled=&#8221;on&#8221;]<\/p>\n<p>\n\u00bfQuieres ganar una sesi\u00f3n gratuita?<\/p>\n<p>[\/et_pb_text][et_pb_signup activecampaign_list=&#8221;|none&#8221; aweber_list=&#8221;|none&#8221; campaign_monitor_list=&#8221;|none&#8221; constant_contact_list=&#8221;|none&#8221; convertkit_list=&#8221;|none&#8221; emma_list=&#8221;|none&#8221; feedblitz_list=&#8221;|none&#8221; getresponse_list=&#8221;|none&#8221; hubspot_list=&#8221;|none&#8221; icontact_list=&#8221;|none&#8221; infusionsoft_list=&#8221;|none&#8221; madmimi_list=&#8221;|none&#8221; mailchimp_list=&#8221;felixdamian|4408014ab8&#8243; mailerlite_list=&#8221;|none&#8221; mailpoet_list=&#8221;|none&#8221; mailster_list=&#8221;|none&#8221; ontraport_list=&#8221;|none&#8221; salesforce_list=&#8221;|none&#8221; sendinblue_list=&#8221;|none&#8221; name_field=&#8221;on&#8221; last_name_field=&#8221;off&#8221; success_action=&#8221;redirect&#8221; success_redirect_url=&#8221;https:\/\/felixdamianfilms.com\/en\/thank-you-newsletter\/&#8221; success_redirect_query=&#8221;||off||&#8221; title=&#8221;\u00bfQuieres ganar una sesi\u00f3n gratuita?&#8221; button_text=&#8221;Suscribir&#8221; background_color=&#8221;rgba(131,0,233,0.81)&#8221; _builder_version=&#8221;3.7&#8243; result_message_font_size_tablet=&#8221;51&#8243; result_message_line_height_tablet=&#8221;2&#8243; use_focus_border_color=&#8221;off&#8221; disabled_on=&#8221;on|on|on&#8221; disabled=&#8221;on&#8221;]<\/p>\n<p>Ap\u00fantate en nuestra lista de noticias y ofertas por email.<br \/>Respetamos tu privacidad.<\/p>\n<p>[\/et_pb_signup][\/et_pb_column][\/et_pb_row][\/et_pb_section]<\/p>\n","protected":false},"excerpt":{"rendered":"<p>Nueva tienda Decimas en la Gran V\u00eda de Madrid\u00a0\u00a0\u00a0 En este evento de empresa hemos sido elegidos de nuevo por Decimas para realizar las fotos y varios v\u00eddeos cortos de la fiesta de apertura de su tienda en la Gran Via. Nuestro equipo se ha encargado de la cobertura foto y v\u00eddeo de este evento [&hellip;]<\/p>\n","protected":false},"author":1,"featured_media":209134,"comment_status":"closed","ping_status":"closed","sticky":false,"template":"","format":"standard","meta":{"_et_pb_use_builder":"on","_et_pb_old_content":"<p>En este evento de empresa hemos sido elegidos de nuevo por Decimas para realizar las fotos y varios v\u00eddeos cortos de la fiesta de apertura de su tienda en la Gran Via.<\/p><p>Nuestro equipo se ha encargado de la cobertura foto y v\u00eddeo de este evento y despu\u00e9s de unos d\u00edas se han podido publicar en las cuentas de Instagram y Facebook de Decimas las fotograf\u00edas de la inauguraci\u00f3n<\/p><p>La reconocida marca de ropa deportiva luce ya una nueva tienda, en pleno centro de la capital, en el numero 30 de la Gran V\u00eda de Madrid.<\/p><p>Nuestro equipo ha estado en los momentos m\u00e1s concurridos de la fiesta, cuando los clientes de\u00a0Decimas Gran V\u00eda se han hecho fotos, han recibido descuentos y han podido probar unos deliciosos hot-dogs ofrecidos por los anfitriones.<\/p><p>La tienda Decimas Gran V\u00eda Madrid esta situada junto al edificio Telef\u00f3nica y ofrece una variedad abrumadora de art\u00edculos deportivos de gran calidad.<\/p><p>Aqu\u00ed se puede ver uno de los v\u00eddeos de evento realizados despu\u00e9s de la inauguraci\u00f3n.<\/p>","_et_gb_content_width":"","_monsterinsights_skip_tracking":false,"_monsterinsights_sitenote_active":false,"_monsterinsights_sitenote_note":"","_monsterinsights_sitenote_category":0,"_uf_show_specific_survey":0,"_uf_disable_surveys":false,"footnotes":""},"categories":[241],"tags":[238,240,19,239],"class_list":["post-209131","post","type-post","status-publish","format-standard","has-post-thumbnail","hentry","category-eventos","tag-evento-de-empresa","tag-fotos-de-evento","tag-video-2","tag-video-de-evento"],"contentshake_article_id":"","yoast_head":"<!-- This site is optimized with the Yoast SEO plugin v27.5 - https:\/\/yoast.com\/product\/yoast-seo-wordpress\/ -->\n<title>Nueva tienda Decimas en la Gran V\u00eda de Madrid |<\/title>\n<meta name=\"description\" content=\"En este evento de empresa hemos sido elegidos de nuevo por Decimas para realizar las fotos y varios v\u00eddeos cortos para sus cuentas de Instagram y Facebook.\u00a0\" \/>\n<meta name=\"robots\" content=\"index, follow, max-snippet:-1, max-image-preview:large, max-video-preview:-1\" \/>\n<link rel=\"canonical\" href=\"https:\/\/felixdamianfilms.com\/en\/nueva-tienda-decimas-en-la-gran-via-de-madrid\/\" \/>\n<meta property=\"og:locale\" content=\"en_US\" \/>\n<meta property=\"og:type\" content=\"article\" \/>\n<meta property=\"og:title\" content=\"Nueva tienda Decimas en la Gran V\u00eda de Madrid |\" \/>\n<meta property=\"og:description\" content=\"En este evento de empresa hemos sido elegidos de nuevo por Decimas para realizar las fotos y varios v\u00eddeos cortos para sus cuentas de Instagram y Facebook.\u00a0\" \/>\n<meta property=\"og:url\" content=\"https:\/\/felixdamianfilms.com\/en\/nueva-tienda-decimas-en-la-gran-via-de-madrid\/\" \/>\n<meta property=\"og:site_name\" content=\"Felix Damian Photographer Madrid\" \/>\n<meta property=\"article:publisher\" content=\"http:\/\/www.facebook.com\/FelixDamianFilms\" \/>\n<meta property=\"article:author\" content=\"https:\/\/www.facebook.com\/FelixDamianFilms\" \/>\n<meta property=\"article:published_time\" content=\"2019-01-31T20:03:44+00:00\" \/>\n<meta property=\"article:modified_time\" content=\"2019-01-31T20:11:55+00:00\" \/>\n<meta property=\"og:image\" content=\"https:\/\/felixdamianfilms.com\/en\/wp-content\/uploads\/2019\/01\/fotografo-para-eventos-decimas-gran-via-madrid-1.jpg\" \/>\n\t<meta property=\"og:image:width\" content=\"1600\" \/>\n\t<meta property=\"og:image:height\" content=\"1067\" \/>\n\t<meta property=\"og:image:type\" content=\"image\/jpeg\" \/>\n<meta name=\"author\" content=\"Felix Damian\" \/>\n<meta name=\"twitter:card\" content=\"summary_large_image\" \/>\n<meta name=\"twitter:creator\" content=\"@FelixDamianFilm\" \/>\n<meta name=\"twitter:site\" content=\"@FelixDamianFilm\" \/>\n<meta name=\"twitter:label1\" content=\"Written by\" \/>\n\t<meta name=\"twitter:data1\" content=\"Felix Damian\" \/>\n\t<meta name=\"twitter:label2\" content=\"Est. reading time\" \/>\n\t<meta name=\"twitter:data2\" content=\"4 minutes\" \/>\n<script type=\"application\/ld+json\" class=\"yoast-schema-graph\">{\"@context\":\"https:\\\/\\\/schema.org\",\"@graph\":[{\"@type\":\"Article\",\"@id\":\"https:\\\/\\\/felixdamianfilms.com\\\/en\\\/nueva-tienda-decimas-en-la-gran-via-de-madrid\\\/#article\",\"isPartOf\":{\"@id\":\"https:\\\/\\\/felixdamianfilms.com\\\/en\\\/nueva-tienda-decimas-en-la-gran-via-de-madrid\\\/\"},\"author\":{\"name\":\"Felix Damian\",\"@id\":\"https:\\\/\\\/felixdamianfilms.com\\\/en\\\/#\\\/schema\\\/person\\\/569c908de2eb1e5b2ab68317d7c1a14e\"},\"headline\":\"Nueva tienda Decimas en la Gran V\u00eda de Madrid\",\"datePublished\":\"2019-01-31T20:03:44+00:00\",\"dateModified\":\"2019-01-31T20:11:55+00:00\",\"mainEntityOfPage\":{\"@id\":\"https:\\\/\\\/felixdamianfilms.com\\\/en\\\/nueva-tienda-decimas-en-la-gran-via-de-madrid\\\/\"},\"wordCount\":854,\"image\":{\"@id\":\"https:\\\/\\\/felixdamianfilms.com\\\/en\\\/nueva-tienda-decimas-en-la-gran-via-de-madrid\\\/#primaryimage\"},\"thumbnailUrl\":\"https:\\\/\\\/felixdamianfilms.com\\\/en\\\/wp-content\\\/uploads\\\/2019\\\/01\\\/fotografo-para-eventos-decimas-gran-via-madrid-1.jpg\",\"keywords\":[\"evento de empresa\",\"fotos de evento\",\"video\",\"video de evento\"],\"articleSection\":[\"Eventos\"],\"inLanguage\":\"en-US\"},{\"@type\":\"WebPage\",\"@id\":\"https:\\\/\\\/felixdamianfilms.com\\\/en\\\/nueva-tienda-decimas-en-la-gran-via-de-madrid\\\/\",\"url\":\"https:\\\/\\\/felixdamianfilms.com\\\/en\\\/nueva-tienda-decimas-en-la-gran-via-de-madrid\\\/\",\"name\":\"Nueva tienda Decimas en la Gran V\u00eda de Madrid |\",\"isPartOf\":{\"@id\":\"https:\\\/\\\/felixdamianfilms.com\\\/en\\\/#website\"},\"primaryImageOfPage\":{\"@id\":\"https:\\\/\\\/felixdamianfilms.com\\\/en\\\/nueva-tienda-decimas-en-la-gran-via-de-madrid\\\/#primaryimage\"},\"image\":{\"@id\":\"https:\\\/\\\/felixdamianfilms.com\\\/en\\\/nueva-tienda-decimas-en-la-gran-via-de-madrid\\\/#primaryimage\"},\"thumbnailUrl\":\"https:\\\/\\\/felixdamianfilms.com\\\/en\\\/wp-content\\\/uploads\\\/2019\\\/01\\\/fotografo-para-eventos-decimas-gran-via-madrid-1.jpg\",\"datePublished\":\"2019-01-31T20:03:44+00:00\",\"dateModified\":\"2019-01-31T20:11:55+00:00\",\"author\":{\"@id\":\"https:\\\/\\\/felixdamianfilms.com\\\/en\\\/#\\\/schema\\\/person\\\/569c908de2eb1e5b2ab68317d7c1a14e\"},\"description\":\"En este evento de empresa hemos sido elegidos de nuevo por Decimas para realizar las fotos y varios v\u00eddeos cortos para sus cuentas de Instagram y Facebook.\u00a0\",\"breadcrumb\":{\"@id\":\"https:\\\/\\\/felixdamianfilms.com\\\/en\\\/nueva-tienda-decimas-en-la-gran-via-de-madrid\\\/#breadcrumb\"},\"inLanguage\":\"en-US\",\"potentialAction\":[{\"@type\":\"ReadAction\",\"target\":[\"https:\\\/\\\/felixdamianfilms.com\\\/en\\\/nueva-tienda-decimas-en-la-gran-via-de-madrid\\\/\"]}]},{\"@type\":\"ImageObject\",\"inLanguage\":\"en-US\",\"@id\":\"https:\\\/\\\/felixdamianfilms.com\\\/en\\\/nueva-tienda-decimas-en-la-gran-via-de-madrid\\\/#primaryimage\",\"url\":\"https:\\\/\\\/felixdamianfilms.com\\\/en\\\/wp-content\\\/uploads\\\/2019\\\/01\\\/fotografo-para-eventos-decimas-gran-via-madrid-1.jpg\",\"contentUrl\":\"https:\\\/\\\/felixdamianfilms.com\\\/en\\\/wp-content\\\/uploads\\\/2019\\\/01\\\/fotografo-para-eventos-decimas-gran-via-madrid-1.jpg\",\"width\":1600,\"height\":1067,\"caption\":\"Nueva tienda Decimas Gran Via Madrid\"},{\"@type\":\"BreadcrumbList\",\"@id\":\"https:\\\/\\\/felixdamianfilms.com\\\/en\\\/nueva-tienda-decimas-en-la-gran-via-de-madrid\\\/#breadcrumb\",\"itemListElement\":[{\"@type\":\"ListItem\",\"position\":1,\"name\":\"Home\",\"item\":\"https:\\\/\\\/felixdamianfilms.com\\\/en\\\/\"},{\"@type\":\"ListItem\",\"position\":2,\"name\":\"Nueva tienda Decimas en la Gran V\u00eda de Madrid\"}]},{\"@type\":\"WebSite\",\"@id\":\"https:\\\/\\\/felixdamianfilms.com\\\/en\\\/#website\",\"url\":\"https:\\\/\\\/felixdamianfilms.com\\\/en\\\/\",\"name\":\"Felix Damian Photographer Madrid\",\"description\":\"Event Photographer and Videographer Madrid\",\"potentialAction\":[{\"@type\":\"SearchAction\",\"target\":{\"@type\":\"EntryPoint\",\"urlTemplate\":\"https:\\\/\\\/felixdamianfilms.com\\\/en\\\/?s={search_term_string}\"},\"query-input\":{\"@type\":\"PropertyValueSpecification\",\"valueRequired\":true,\"valueName\":\"search_term_string\"}}],\"inLanguage\":\"en-US\"},{\"@type\":\"Person\",\"@id\":\"https:\\\/\\\/felixdamianfilms.com\\\/en\\\/#\\\/schema\\\/person\\\/569c908de2eb1e5b2ab68317d7c1a14e\",\"name\":\"Felix Damian\",\"image\":{\"@type\":\"ImageObject\",\"inLanguage\":\"en-US\",\"@id\":\"https:\\\/\\\/secure.gravatar.com\\\/avatar\\\/f4ed55aee7bf0b6c98852711589961e986f92496b64fbbfcd2b9b69212cccdfc?s=96&d=mm&r=g\",\"url\":\"https:\\\/\\\/secure.gravatar.com\\\/avatar\\\/f4ed55aee7bf0b6c98852711589961e986f92496b64fbbfcd2b9b69212cccdfc?s=96&d=mm&r=g\",\"contentUrl\":\"https:\\\/\\\/secure.gravatar.com\\\/avatar\\\/f4ed55aee7bf0b6c98852711589961e986f92496b64fbbfcd2b9b69212cccdfc?s=96&d=mm&r=g\",\"caption\":\"Felix Damian\"},\"sameAs\":[\"https:\\\/\\\/www.facebook.com\\\/FelixDamianFilms\",\"https:\\\/\\\/x.com\\\/FelixDamianFilm\"],\"url\":\"https:\\\/\\\/felixdamianfilms.com\\\/en\\\/author\\\/felixdamianfilms\\\/\"}]}<\/script>\n<!-- \/ Yoast SEO plugin. -->","yoast_head_json":{"title":"Nueva tienda Decimas en la Gran V\u00eda de Madrid |","description":"En este evento de empresa hemos sido elegidos de nuevo por Decimas para realizar las fotos y varios v\u00eddeos cortos para sus cuentas de Instagram y Facebook.\u00a0","robots":{"index":"index","follow":"follow","max-snippet":"max-snippet:-1","max-image-preview":"max-image-preview:large","max-video-preview":"max-video-preview:-1"},"canonical":"https:\/\/felixdamianfilms.com\/en\/nueva-tienda-decimas-en-la-gran-via-de-madrid\/","og_locale":"en_US","og_type":"article","og_title":"Nueva tienda Decimas en la Gran V\u00eda de Madrid |","og_description":"En este evento de empresa hemos sido elegidos de nuevo por Decimas para realizar las fotos y varios v\u00eddeos cortos para sus cuentas de Instagram y Facebook.\u00a0","og_url":"https:\/\/felixdamianfilms.com\/en\/nueva-tienda-decimas-en-la-gran-via-de-madrid\/","og_site_name":"Felix Damian Photographer Madrid","article_publisher":"http:\/\/www.facebook.com\/FelixDamianFilms","article_author":"https:\/\/www.facebook.com\/FelixDamianFilms","article_published_time":"2019-01-31T20:03:44+00:00","article_modified_time":"2019-01-31T20:11:55+00:00","og_image":[{"width":1600,"height":1067,"url":"https:\/\/felixdamianfilms.com\/en\/wp-content\/uploads\/2019\/01\/fotografo-para-eventos-decimas-gran-via-madrid-1.jpg","type":"image\/jpeg"}],"author":"Felix Damian","twitter_card":"summary_large_image","twitter_creator":"@FelixDamianFilm","twitter_site":"@FelixDamianFilm","twitter_misc":{"Written by":"Felix Damian","Est. reading time":"4 minutes"},"schema":{"@context":"https:\/\/schema.org","@graph":[{"@type":"Article","@id":"https:\/\/felixdamianfilms.com\/en\/nueva-tienda-decimas-en-la-gran-via-de-madrid\/#article","isPartOf":{"@id":"https:\/\/felixdamianfilms.com\/en\/nueva-tienda-decimas-en-la-gran-via-de-madrid\/"},"author":{"name":"Felix Damian","@id":"https:\/\/felixdamianfilms.com\/en\/#\/schema\/person\/569c908de2eb1e5b2ab68317d7c1a14e"},"headline":"Nueva tienda Decimas en la Gran V\u00eda de Madrid","datePublished":"2019-01-31T20:03:44+00:00","dateModified":"2019-01-31T20:11:55+00:00","mainEntityOfPage":{"@id":"https:\/\/felixdamianfilms.com\/en\/nueva-tienda-decimas-en-la-gran-via-de-madrid\/"},"wordCount":854,"image":{"@id":"https:\/\/felixdamianfilms.com\/en\/nueva-tienda-decimas-en-la-gran-via-de-madrid\/#primaryimage"},"thumbnailUrl":"https:\/\/felixdamianfilms.com\/en\/wp-content\/uploads\/2019\/01\/fotografo-para-eventos-decimas-gran-via-madrid-1.jpg","keywords":["evento de empresa","fotos de evento","video","video de evento"],"articleSection":["Eventos"],"inLanguage":"en-US"},{"@type":"WebPage","@id":"https:\/\/felixdamianfilms.com\/en\/nueva-tienda-decimas-en-la-gran-via-de-madrid\/","url":"https:\/\/felixdamianfilms.com\/en\/nueva-tienda-decimas-en-la-gran-via-de-madrid\/","name":"Nueva tienda Decimas en la Gran V\u00eda de Madrid |","isPartOf":{"@id":"https:\/\/felixdamianfilms.com\/en\/#website"},"primaryImageOfPage":{"@id":"https:\/\/felixdamianfilms.com\/en\/nueva-tienda-decimas-en-la-gran-via-de-madrid\/#primaryimage"},"image":{"@id":"https:\/\/felixdamianfilms.com\/en\/nueva-tienda-decimas-en-la-gran-via-de-madrid\/#primaryimage"},"thumbnailUrl":"https:\/\/felixdamianfilms.com\/en\/wp-content\/uploads\/2019\/01\/fotografo-para-eventos-decimas-gran-via-madrid-1.jpg","datePublished":"2019-01-31T20:03:44+00:00","dateModified":"2019-01-31T20:11:55+00:00","author":{"@id":"https:\/\/felixdamianfilms.com\/en\/#\/schema\/person\/569c908de2eb1e5b2ab68317d7c1a14e"},"description":"En este evento de empresa hemos sido elegidos de nuevo por Decimas para realizar las fotos y varios v\u00eddeos cortos para sus cuentas de Instagram y Facebook.\u00a0","breadcrumb":{"@id":"https:\/\/felixdamianfilms.com\/en\/nueva-tienda-decimas-en-la-gran-via-de-madrid\/#breadcrumb"},"inLanguage":"en-US","potentialAction":[{"@type":"ReadAction","target":["https:\/\/felixdamianfilms.com\/en\/nueva-tienda-decimas-en-la-gran-via-de-madrid\/"]}]},{"@type":"ImageObject","inLanguage":"en-US","@id":"https:\/\/felixdamianfilms.com\/en\/nueva-tienda-decimas-en-la-gran-via-de-madrid\/#primaryimage","url":"https:\/\/felixdamianfilms.com\/en\/wp-content\/uploads\/2019\/01\/fotografo-para-eventos-decimas-gran-via-madrid-1.jpg","contentUrl":"https:\/\/felixdamianfilms.com\/en\/wp-content\/uploads\/2019\/01\/fotografo-para-eventos-decimas-gran-via-madrid-1.jpg","width":1600,"height":1067,"caption":"Nueva tienda Decimas Gran Via Madrid"},{"@type":"BreadcrumbList","@id":"https:\/\/felixdamianfilms.com\/en\/nueva-tienda-decimas-en-la-gran-via-de-madrid\/#breadcrumb","itemListElement":[{"@type":"ListItem","position":1,"name":"Home","item":"https:\/\/felixdamianfilms.com\/en\/"},{"@type":"ListItem","position":2,"name":"Nueva tienda Decimas en la Gran V\u00eda de Madrid"}]},{"@type":"WebSite","@id":"https:\/\/felixdamianfilms.com\/en\/#website","url":"https:\/\/felixdamianfilms.com\/en\/","name":"Felix Damian Photographer Madrid","description":"Event Photographer and Videographer Madrid","potentialAction":[{"@type":"SearchAction","target":{"@type":"EntryPoint","urlTemplate":"https:\/\/felixdamianfilms.com\/en\/?s={search_term_string}"},"query-input":{"@type":"PropertyValueSpecification","valueRequired":true,"valueName":"search_term_string"}}],"inLanguage":"en-US"},{"@type":"Person","@id":"https:\/\/felixdamianfilms.com\/en\/#\/schema\/person\/569c908de2eb1e5b2ab68317d7c1a14e","name":"Felix Damian","image":{"@type":"ImageObject","inLanguage":"en-US","@id":"https:\/\/secure.gravatar.com\/avatar\/f4ed55aee7bf0b6c98852711589961e986f92496b64fbbfcd2b9b69212cccdfc?s=96&d=mm&r=g","url":"https:\/\/secure.gravatar.com\/avatar\/f4ed55aee7bf0b6c98852711589961e986f92496b64fbbfcd2b9b69212cccdfc?s=96&d=mm&r=g","contentUrl":"https:\/\/secure.gravatar.com\/avatar\/f4ed55aee7bf0b6c98852711589961e986f92496b64fbbfcd2b9b69212cccdfc?s=96&d=mm&r=g","caption":"Felix Damian"},"sameAs":["https:\/\/www.facebook.com\/FelixDamianFilms","https:\/\/x.com\/FelixDamianFilm"],"url":"https:\/\/felixdamianfilms.com\/en\/author\/felixdamianfilms\/"}]}},"_links":{"self":[{"href":"https:\/\/felixdamianfilms.com\/en\/wp-json\/wp\/v2\/posts\/209131","targetHints":{"allow":["GET"]}}],"collection":[{"href":"https:\/\/felixdamianfilms.com\/en\/wp-json\/wp\/v2\/posts"}],"about":[{"href":"https:\/\/felixdamianfilms.com\/en\/wp-json\/wp\/v2\/types\/post"}],"author":[{"embeddable":true,"href":"https:\/\/felixdamianfilms.com\/en\/wp-json\/wp\/v2\/users\/1"}],"replies":[{"embeddable":true,"href":"https:\/\/felixdamianfilms.com\/en\/wp-json\/wp\/v2\/comments?post=209131"}],"version-history":[{"count":6,"href":"https:\/\/felixdamianfilms.com\/en\/wp-json\/wp\/v2\/posts\/209131\/revisions"}],"predecessor-version":[{"id":209141,"href":"https:\/\/felixdamianfilms.com\/en\/wp-json\/wp\/v2\/posts\/209131\/revisions\/209141"}],"wp:featuredmedia":[{"embeddable":true,"href":"https:\/\/felixdamianfilms.com\/en\/wp-json\/wp\/v2\/media\/209134"}],"wp:attachment":[{"href":"https:\/\/felixdamianfilms.com\/en\/wp-json\/wp\/v2\/media?parent=209131"}],"wp:term":[{"taxonomy":"category","embeddable":true,"href":"https:\/\/felixdamianfilms.com\/en\/wp-json\/wp\/v2\/categories?post=209131"},{"taxonomy":"post_tag","embeddable":true,"href":"https:\/\/felixdamianfilms.com\/en\/wp-json\/wp\/v2\/tags?post=209131"}],"curies":[{"name":"wp","href":"https:\/\/api.w.org\/{rel}","templated":true}]}}