{"id":209275,"date":"2019-03-24T02:48:12","date_gmt":"2019-03-24T01:48:12","guid":{"rendered":"https:\/\/felixdamianfilms.com\/en\/?p=209275"},"modified":"2019-08-09T20:11:44","modified_gmt":"2019-08-09T18:11:44","slug":"que-cuenta-sobre-ti-la-foto-de-linkedin","status":"publish","type":"post","link":"https:\/\/felixdamianfilms.com\/en\/que-cuenta-sobre-ti-la-foto-de-linkedin\/","title":{"rendered":"Que cuenta sobre ti la foto de LinkedIn"},"content":{"rendered":"<p>[et_pb_section fb_built=&#8221;1&#8243; admin_label=&#8221;section&#8221; _builder_version=&#8221;3.22&#8243; background_color=&#8221;#ffffff&#8221; background_image=&#8221;https:\/\/felixdamianfilms.com\/en\/wp-content\/uploads\/2019\/03\/retratos-perfil-profesional-11.jpg&#8221; transparent_background=&#8221;off&#8221; padding_mobile=&#8221;off&#8221;][et_pb_row _builder_version=&#8221;3.25&#8243; background_size=&#8221;initial&#8221; background_position=&#8221;top_left&#8221; background_repeat=&#8221;repeat&#8221;][et_pb_column type=&#8221;4_4&#8243; _builder_version=&#8221;3.25&#8243; custom_padding=&#8221;|||&#8221; custom_padding__hover=&#8221;|||&#8221;][et_pb_divider show_divider=&#8221;off&#8221; disabled_on=&#8221;on&#8221; _builder_version=&#8221;3.23.4&#8243; height=&#8221;200px&#8221; hide_on_mobile=&#8221;on&#8221;][\/et_pb_divider][\/et_pb_column][\/et_pb_row][\/et_pb_section][et_pb_section fb_built=&#8221;1&#8243; custom_padding_last_edited=&#8221;on|desktop&#8221; _builder_version=&#8221;3.22&#8243; background_color=&#8221;#f7f7f4&#8243; custom_padding_tablet=&#8221;50px|0|50px|0&#8243; transparent_background=&#8221;off&#8221; padding_mobile=&#8221;off&#8221;][et_pb_row padding_mobile=&#8221;on&#8221; column_padding_mobile=&#8221;on&#8221; admin_label=&#8221;row&#8221; _builder_version=&#8221;3.25&#8243; background_size=&#8221;initial&#8221; background_position=&#8221;top_left&#8221; background_repeat=&#8221;repeat&#8221; custom_padding=&#8221;0px|||&#8221;][et_pb_column type=&#8221;4_4&#8243; _builder_version=&#8221;3.25&#8243; custom_padding=&#8221;|||&#8221; custom_padding__hover=&#8221;|||&#8221;][et_pb_text admin_label=&#8221;Titulo&#8221; _builder_version=&#8221;3.19.3&#8243; text_font=&#8221;PT Sans||||&#8221; text_text_color=&#8221;#444444&#8243; text_font_size=&#8221;72&#8243; text_line_height=&#8221;1.1em&#8221; border_color_all=&#8221;#ffffff&#8221; max_width=&#8221;620px&#8221; custom_margin=&#8221;0px||0px|&#8221; text_font_size_tablet=&#8221;52&#8243; text_font_size_last_edited=&#8221;on|tablet&#8221; use_border_color=&#8221;off&#8221; border_color=&#8221;#ffffff&#8221; border_style=&#8221;solid&#8221;]<\/p>\n<p>\u00bfQu\u00e9 cuenta sobre ti la foto de LinkedIn?<\/p>\n<p>[\/et_pb_text][et_pb_text disabled_on=&#8221;on|on|on&#8221; _builder_version=&#8221;3.0.90&#8243; text_font=&#8221;PT Serif||||&#8221; text_text_color=&#8221;#363636&#8243; text_font_size=&#8221;24&#8243; text_line_height=&#8221;1.4em&#8221; border_color_all=&#8221;#ffffff&#8221; max_width=&#8221;620px&#8221; custom_margin=&#8221;10px||0px|&#8221; text_font_size_last_edited=&#8221;on|tablet&#8221; use_border_color=&#8221;off&#8221; disabled=&#8221;on&#8221;]<\/p>\n<p>\nNos encanta hacer retratos fotogr\u00e1ficos de personas que no est\u00e1n acostumbradas a posar, pero cuando nuestro cliente es modelo todo cambia.<\/p>\n<p>[\/et_pb_text][et_pb_text admin_label=&#8221;Articol&#8221; _builder_version=&#8221;3.21.4&#8243; text_font=&#8221;PT Serif||||&#8221; text_text_color=&#8221;#363636&#8243; text_font_size=&#8221;20&#8243; text_line_height=&#8221;1.5em&#8221; border_color_all=&#8221;#ffffff&#8221; max_width=&#8221;620px&#8221; custom_margin=&#8221;30px||0px|&#8221; z_index_tablet=&#8221;500&#8243; text_font_size_last_edited=&#8221;on|tablet&#8221; use_border_color=&#8221;off&#8221;]<\/p>\n<p>\nLos humanos han sobrevivido millones de a\u00f1os gracias en primer lugar a la capacidad de juzgar a un desconocido por su apariencia.<br \/>\nY hoy hay cada vez m\u00e1s estudios que demuestran la existencia del llamado cerebro emocional y de la compleja tarea que tiene la am\u00edgdala, el centro de control de las emociones.<\/p>\n<p>Gracias a este proceso podemos determinar en cuesti\u00f3n de mili-segundos si alguien es un amigo o una potencial amenaza.<br \/>\nAs\u00ed que no exageramos cuando decimos que realmente no vemos una cara cuando la vemos sino que mejor dicho la interpretamos.<\/p>\n<p>Y no hace falta tener que hablar de los 43 m\u00fasculos que tenemos en esta zona tan peque\u00f1a de nuestro cuerpo y del complejo sistema nervioso que los coordina para reconocer la importancia vital que tiene la cara del otro y tambi\u00e9n la nuestra.<\/p>\n<p>De hecho la capacidad de reacci\u00f3n ante cualquier peligro o amenaza es tan intensa en nuestra cara que hacen falta varias horas para que los m\u00fasculos se relajen despu\u00e9s de un momento de enfado.<\/p>\n<p><strong>La foto de Linkedin marca el grado de confianza<\/strong><\/p>\n<p>Un estudio reciente publicado por la Universidad Princeton de Estados Unidos ha calculado que en 100 milisegundos somos capaces de tener una primera impresi\u00f3n sobre una persona con solo ver su foto. Solamente de esta primera impresi\u00f3n, dicen los autores de este estudio, sacamos ya dos conclusiones o prejuicios. Una es sobre si nos gusta la persona de la foto y otra es sobre su fuerza y su potencial profesional.<\/p>\n<p>Ya sab\u00edamos que solo existe una oportunidad para conseguir una buena primera impresi\u00f3n pero ahora tenemos la presi\u00f3n de ganarnos a un desconocido en menos de un segundo, antes de que mire nuestro curriculum.<\/p>\n<p>Partiendo desde aqu\u00ed no nos tiene que sorprender que hoy en d\u00eda casi la mitad de tus clientes y todas las empresas que buscan un profesional, miran primero el perfil que tiene en LinkedIn.<\/p>\n<p>En esta red social, todos los profesionales quieren tener un perfil actualizado y para conseguir la atenci\u00f3n adecuada no se pueden olvidar de tener una foto. No hay perfiles de Linkedin sin foto porque muchos saben que importancia tiene que alguien ponga una cara a tu expediente.<\/p>\n<p>Sin embargo lo que no se conoce tanto es la capacidad que tiene la foto de tu perfil en ayudarte o en perjudicarte a la hora de solicitar un trabajo o una colaboraci\u00f3n.<\/p>\n<p>Si una imagen no transmite la confianza esperada, la foto de Linkedin que te has hecho con el m\u00f3vil puede hundirte. Igual te puede pasar con una buena foto que te hizo un amigo en ese viaje hace a\u00f1os y que te gusta tanto, pero que ya no es para nada actual.<\/p>\n<p>Todos tenemos miles de fotos ahora mismo en nuestros tel\u00e9fonos m\u00f3viles pero muy pocas pueden llamarse retratos profesionales. La mayor\u00eda est\u00e1n hechas de vacaciones, con ropa casual o con mala luz.<\/p>\n<p>En este articulo te explicamos como tiene que ser una foto de perfil para promocionar tu imagen.<\/p>\n<div id=\"attachment_209210\" style=\"width: 610px\" class=\"wp-caption aligncenter\"><img loading=\"lazy\" decoding=\"async\" aria-describedby=\"caption-attachment-209210\" class=\"wp-image-209210 size-medium\" src=\"https:\/\/felixdamianfilms.com\/en\/wp-content\/uploads\/2019\/03\/retratos-perfil-profesional-15-600x400.jpg\" alt=\"retratos perfil profesional-15\" width=\"600\" height=\"400\" srcset=\"https:\/\/felixdamianfilms.com\/en\/wp-content\/uploads\/2019\/03\/retratos-perfil-profesional-15-600x400.jpg 600w, https:\/\/felixdamianfilms.com\/en\/wp-content\/uploads\/2019\/03\/retratos-perfil-profesional-15-768x512.jpg 768w, https:\/\/felixdamianfilms.com\/en\/wp-content\/uploads\/2019\/03\/retratos-perfil-profesional-15-1024x683.jpg 1024w, https:\/\/felixdamianfilms.com\/en\/wp-content\/uploads\/2019\/03\/retratos-perfil-profesional-15-1080x720.jpg 1080w, https:\/\/felixdamianfilms.com\/en\/wp-content\/uploads\/2019\/03\/retratos-perfil-profesional-15-610x407.jpg 610w, https:\/\/felixdamianfilms.com\/en\/wp-content\/uploads\/2019\/03\/retratos-perfil-profesional-15.jpg 1200w\" sizes=\"(max-width: 600px) 100vw, 600px\" \/><p id=\"caption-attachment-209210\" class=\"wp-caption-text\">El retrato con fondo blanco es estilo m\u00e1s utilizado en las redes profesionales<\/p><\/div>\n<p><strong>1. Evita las fotos oscuras o muy saturadas<\/strong><\/p>\n<p>Desde el principio es importante mantener el realismo de tu imagen porque en una red profesional como Linkedin no funcionan los efectos y los filtros de otras redes sociales. Evita las fotos oscuras y los colores muy saturados.<\/p>\n<p><strong>2. Lleva la ropa adecuada<\/strong><\/p>\n<p>El vestido formal es percibido de una mejor manera en los cuanto a la capacidad e influencia que cualquier otra prenda. En el caso de los hombres, una camisa de color claro y una chaqueta oscura con corbata punt\u00faan mejor que las prendas brillantes o a la moda.<\/p>\n<p><strong>3. Mira directamente la c\u00e1mara<\/strong><\/p>\n<p>Este puede ser el consejo m\u00e1s importante de cualquier foto de perfil. Mira directamente la c\u00e1mara con total confianza y deja que tus ojos se vean con buena luz.<br \/>\nLas personas que aparecen con los ojos obstruidos por las gafas, el pelo o en sombra pierden puntos porque transmiten la impresi\u00f3n de querer esconder algo.<\/p>\n<p><img loading=\"lazy\" decoding=\"async\" class=\"aligncenter wp-image-209183 size-medium\" src=\"https:\/\/felixdamianfilms.com\/en\/wp-content\/uploads\/2019\/03\/retratos-perfil-profesional-6-400x600.jpg\" alt=\"\" width=\"400\" height=\"600\" \/><\/p>\n<p><strong>4. Mejor una foto de la cabeza y de los hombros<\/strong><\/p>\n<p>El encuadre de una foto de perfil es igual de importante en tu misi\u00f3n de transmitir la imagen adecuada sobre tu personalidad.<br \/>\nEn una foto de perfil profesional es mejor incluir en tu retrato la cabeza y los hombros para presentarte desde una perspectiva neutral y cercana al mismo tiempo.<br \/>\nNormalmente tus amigos y familiares pueden estar muy cerca de ti, f\u00edsicamente, mientras que los desconocidos te ven desde lejos.<br \/>\nUna foto muy de cerca de una cara suele quitar puntos, mientras que una de cuerpo entero afecta de manera negativa la percepci\u00f3n de la capacidad y de la importancia que tienes como profesional.<\/p>\n<p><img loading=\"lazy\" decoding=\"async\" class=\"aligncenter wp-image-209174 size-medium\" src=\"https:\/\/felixdamianfilms.com\/en\/wp-content\/uploads\/2019\/03\/retratos-perfil-profesional-3-400x600.jpg\" alt=\"\" width=\"400\" height=\"600\" srcset=\"https:\/\/felixdamianfilms.com\/en\/wp-content\/uploads\/2019\/03\/retratos-perfil-profesional-3-400x600.jpg 400w, https:\/\/felixdamianfilms.com\/en\/wp-content\/uploads\/2019\/03\/retratos-perfil-profesional-3-768x1152.jpg 768w, https:\/\/felixdamianfilms.com\/en\/wp-content\/uploads\/2019\/03\/retratos-perfil-profesional-3-683x1024.jpg 683w, https:\/\/felixdamianfilms.com\/en\/wp-content\/uploads\/2019\/03\/retratos-perfil-profesional-3-610x915.jpg 610w, https:\/\/felixdamianfilms.com\/en\/wp-content\/uploads\/2019\/03\/retratos-perfil-profesional-3.jpg 800w\" sizes=\"(max-width: 400px) 100vw, 400px\" \/><\/p>\n<p><strong>5. El doble filo de sonre\u00edr con dientes<\/strong><\/p>\n<p>Una boca cerrada nos hace parecer la mitad de simp\u00e1ticos que una sonrisa con dientes, seg\u00fan los estudios de varios perfiles reales en LinkedIn y la reacci\u00f3n del p\u00fablico. Por otro lado, hay que tener en cuenta que una risa completa, aunque nos hace m\u00e1s simp\u00e1ticos, nos puede disminuir la apariencia como una persona preparada e influyente.<br \/>\nIntenta practicar tu sonrisa antes de la foto si te cuesta hacerlo cuando te lo piden. El esfuerzo de encontrar tu mejor sonrisa ser\u00e1 recompensado con la imagen de una persona m\u00e1s feliz, sana y capaz de controlar su situaci\u00f3n en la vida profesional y personal.<\/p>\n<p><strong>6. Siempre ojos entrecerrados<\/strong><\/p>\n<p>Los actores de Hollywood lo hacen siempre cuando pisan una alfombra roja. El hecho de hacer los ojos m\u00e1s peque\u00f1os, como si nos molestar\u00e1 una luz muy fuerte, acompa\u00f1ado por una expresi\u00f3n relajada de la cara ayuda a mejorar la percepci\u00f3n de nuestros conocimientos, experiencia y de nuestras aptitudes.<br \/>\nPor el contrario, unos ojos demasiado abiertos transmiten la sensaci\u00f3n de vulnerabilidad y una falta de seguridad.<\/p>\n<p>[\/et_pb_text][et_pb_gallery gallery_ids=&#8221;206391,206389,206390,205900&#8243; gallery_captions=&#8221;,,,,,,,,,,,,,,,,,,,&#8221; orientation=&#8221;portrait&#8221; show_title_and_caption=&#8221;off&#8221; admin_label=&#8221;Gallery Retratos&#8221; _builder_version=&#8221;3.21.4&#8243; z_index_tablet=&#8221;500&#8243; pagination_font_size_tablet=&#8221;51&#8243; pagination_line_height_tablet=&#8221;2&#8243; saved_tabs=&#8221;all&#8221;][\/et_pb_gallery][et_pb_text admin_label=&#8221;Articol&#8221; _builder_version=&#8221;3.26.6&#8243; text_font=&#8221;PT Serif||||&#8221; text_text_color=&#8221;#363636&#8243; text_font_size=&#8221;20&#8243; text_line_height=&#8221;1.5em&#8221; border_color_all=&#8221;#ffffff&#8221; max_width=&#8221;620px&#8221; custom_margin=&#8221;30px||0px|&#8221; z_index_tablet=&#8221;500&#8243; text_font_size_last_edited=&#8221;on|tablet&#8221; use_border_color=&#8221;off&#8221;]<\/p>\n<p><strong>7. Marca la linea del ment\u00f3n<\/strong><\/p>\n<p>Un contorno o una sombra en el ment\u00f3n incrementa tus puntos para transmitir una imagen de fuerza, simpat\u00eda y experiencia.<\/p>\n<p>Con todos estos consejos puedes llegar a transmitir la imagen profesional en cualquier red profesional.<\/p>\n<div class=\"acuity-booking-bar\" style=\"display: none;\"><a class=\"acuity-embed-button\" href=\"https:\/\/app.acuityscheduling.com\/schedule.php?owner=16754091&amp;appointmentType=category:Sesiones\" target=\"_blank\" rel=\"noopener noreferrer\">Schedule Appointment<\/a><\/div>\n<p><script src=\"https:\/\/embed.acuityscheduling.com\/embed\/bar\/16754091.js\" async><\/script><\/p>\n<p>[\/et_pb_text][et_pb_text disabled_on=&#8221;on|on|on&#8221; _builder_version=&#8221;3.0.90&#8243; text_font=&#8221;PT Serif||on||&#8221; text_text_color=&#8221;#363636&#8243; text_font_size=&#8221;16&#8243; text_line_height=&#8221;1em&#8221; border_color_all=&#8221;#ffffff&#8221; border_style_all=&#8221;solid&#8221; custom_margin=&#8221;20px||0px|&#8221; use_border_color=&#8221;off&#8221; border_color=&#8221;#ffffff&#8221; border_style=&#8221;solid&#8221; disabled=&#8221;on&#8221;]<\/p>\n<p>\nAqu\u00ed tenemos unas de las mejores fotos que nos costaron elegir.<\/p>\n<p>[\/et_pb_text][et_pb_text _builder_version=&#8221;3.26.6&#8243;]<\/p>\n<div class=\"acuity-booking-bar\" style=\"display: none;\"><a href=\"https:\/\/app.acuityscheduling.com\/schedule.php?owner=16754091&#038;appointmentType=category:Sesiones\" target=\"_blank\" class=\"acuity-embed-button\" rel=\"noopener noreferrer\">Schedule Appointment<\/a><\/div>\n<p><script src=\"https:\/\/embed.acuityscheduling.com\/embed\/bar\/16754091.js\" async><\/script>[\/et_pb_text][\/et_pb_column][\/et_pb_row][et_pb_row use_custom_gutter=&#8221;on&#8221; gutter_width=&#8221;1&#8243; column_padding_mobile=&#8221;on&#8221; custom_padding_last_edited=&#8221;on|tablet&#8221; disabled_on=&#8221;on|on|on&#8221; module_class=&#8221; et_pb_row_fullwidth&#8221; _builder_version=&#8221;3.25&#8243; background_size=&#8221;initial&#8221; background_position=&#8221;top_left&#8221; background_repeat=&#8221;repeat&#8221; width=&#8221;100%&#8221; width_tablet=&#8221;100%&#8221; width_last_edited=&#8221;on|desktop&#8221; max_width=&#8221;100%&#8221; max_width_tablet=&#8221;100%&#8221; max_width_last_edited=&#8221;on|desktop&#8221; custom_padding=&#8221;50px|||&#8221; custom_padding_tablet=&#8221;17px|||&#8221; make_fullwidth=&#8221;on&#8221; disabled=&#8221;on&#8221;][et_pb_column type=&#8221;4_4&#8243; _builder_version=&#8221;3.25&#8243; custom_padding=&#8221;|||&#8221; custom_padding__hover=&#8221;|||&#8221;][\/et_pb_column][\/et_pb_row][\/et_pb_section][et_pb_section fb_built=&#8221;1&#8243; disabled_on=&#8221;on|on|on&#8221; _builder_version=&#8221;3.22&#8243; disabled=&#8221;on&#8221;][et_pb_row padding_mobile=&#8221;off&#8221; column_padding_mobile=&#8221;on&#8221; _builder_version=&#8221;3.25&#8243; background_size=&#8221;initial&#8221; background_position=&#8221;top_left&#8221; background_repeat=&#8221;repeat&#8221; max_width=&#8221;780px&#8221; use_custom_width=&#8221;on&#8221; custom_width_px=&#8221;780px&#8221;][et_pb_column type=&#8221;4_4&#8243; _builder_version=&#8221;3.25&#8243; custom_padding=&#8221;|||&#8221; custom_padding__hover=&#8221;|||&#8221;][et_pb_text disabled_on=&#8221;on|on|on&#8221; _builder_version=&#8221;3.0.90&#8243; text_font=&#8221;PT Serif||||&#8221; text_text_color=&#8221;#363636&#8243; text_font_size=&#8221;36&#8243; text_line_height=&#8221;1.4em&#8221; border_color_all=&#8221;#ffffff&#8221; module_alignment=&#8221;center&#8221; custom_margin=&#8221;||70px|&#8221; text_font_size_tablet=&#8221;26&#8243; text_font_size_last_edited=&#8221;on|tablet&#8221; use_border_color=&#8221;off&#8221; disabled=&#8221;on&#8221;]<\/p>\n<p>\n\u00bfQuieres ganar una sesi\u00f3n gratuita?<\/p>\n<p>[\/et_pb_text][et_pb_signup mailchimp_list=&#8221;felixdamian|4408014ab8&#8243; name_field=&#8221;on&#8221; success_action=&#8221;redirect&#8221; success_redirect_url=&#8221;https:\/\/felixdamianfilms.com\/en\/thank-you-newsletter\/&#8221; success_redirect_query=&#8221;||off||&#8221; title=&#8221;\u00bfQuieres ganar una sesi\u00f3n gratuita?&#8221; button_text=&#8221;Suscribir&#8221; disabled_on=&#8221;on|on|on&#8221; _builder_version=&#8221;3.23&#8243; background_color=&#8221;rgba(131,0,233,0.81)&#8221; result_message_font_size_tablet=&#8221;51&#8243; result_message_line_height_tablet=&#8221;2&#8243; disabled=&#8221;on&#8221; button_text_size__hover_enabled=&#8221;off&#8221; button_one_text_size__hover_enabled=&#8221;off&#8221; button_two_text_size__hover_enabled=&#8221;off&#8221; button_text_color__hover_enabled=&#8221;off&#8221; button_one_text_color__hover_enabled=&#8221;off&#8221; button_two_text_color__hover_enabled=&#8221;off&#8221; button_border_width__hover_enabled=&#8221;off&#8221; button_one_border_width__hover_enabled=&#8221;off&#8221; button_two_border_width__hover_enabled=&#8221;off&#8221; button_border_color__hover_enabled=&#8221;off&#8221; button_one_border_color__hover_enabled=&#8221;off&#8221; button_two_border_color__hover_enabled=&#8221;off&#8221; button_border_radius__hover_enabled=&#8221;off&#8221; button_one_border_radius__hover_enabled=&#8221;off&#8221; button_two_border_radius__hover_enabled=&#8221;off&#8221; button_letter_spacing__hover_enabled=&#8221;off&#8221; button_one_letter_spacing__hover_enabled=&#8221;off&#8221; button_two_letter_spacing__hover_enabled=&#8221;off&#8221; button_bg_color__hover_enabled=&#8221;off&#8221; button_one_bg_color__hover_enabled=&#8221;off&#8221; button_two_bg_color__hover_enabled=&#8221;off&#8221;]Ap\u00fantate en nuestra lista de noticias y ofertas por email.<br \/>\nRespetamos tu privacidad.[\/et_pb_signup][\/et_pb_column][\/et_pb_row][\/et_pb_section]<\/p>\n","protected":false},"excerpt":{"rendered":"<p>\u00bfQu\u00e9 cuenta sobre ti la foto de LinkedIn? Nos encanta hacer retratos fotogr\u00e1ficos de personas que no est\u00e1n acostumbradas a posar, pero cuando nuestro cliente es modelo todo cambia. Los humanos han sobrevivido millones de a\u00f1os gracias en primer lugar a la capacidad de juzgar a un desconocido por su apariencia. Y hoy hay cada [&hellip;]<\/p>\n","protected":false},"author":1,"featured_media":209198,"comment_status":"closed","ping_status":"closed","sticky":false,"template":"","format":"standard","meta":{"_et_pb_use_builder":"on","_et_pb_old_content":"<p>Casi la mitad de los clientes y todos los empleadores miran tu perfil la red social LinkedIn. Varios estudios indican que basta con una d\u00e9cima de segundo para que alguien saque conclusiones sobre ti, basadas en tu foto. La pregunta es \u00bfc\u00f3mo te ganas a las personas en menos de un segundo?<\/p><p>Sabemos que la primera impresi\u00f3n cuenta pero los estudios lo confirman de manera cient\u00edfica. Dos psic\u00f3logos de la prestigiosa universidad de Princeton<span class=\"Apple-converted-space\">\u00a0 <\/span>han descubierto que solo hacen falta 100 milisegundos para formarnos una impresi\u00f3n con solo mirar la fotograf\u00eda de la cara de una persona. Entre 80 y 90 porciento de esta primera impresi\u00f3n se basa en solo dos cualidades: confianza y competencia.<span class=\"Apple-converted-space\">\u00a0<\/span><\/p><p>En realidad, cuando nos formamos la primera impresi\u00f3n sobre otra persona, no es una sola impresi\u00f3n, sino dos. Estamos juzgando si es una persona cari\u00f1osa y si se puede confiar en ella, intentando contestar a las preguntas \u201c\u00bfQu\u00e9 intenciones tiene hacia mi?\u201d y \u201c\u00bfEs fuerte y competente esta persona?\u201d<\/p><p>Aqu\u00ed te dejamos unos trucos para mejorar tu imagen en LinkedIn<\/p><p>1. Sonr\u00ede con dientes<\/p><p>Una boca cerrada nos hace ser la mitad de simp\u00e1ticos que una sonrisa con dientes, seg\u00fan los estudios de varios perfiles reales en LinkedIn y la reacci\u00f3n del p\u00fablico. Por otra parte, una risa completa, aunque nos hace m\u00e1s simp\u00e1ticos, nos puede hacer perder puntos en competencia e influencia.<\/p><p>Si no te sientes confortable sonriendo cuando de mandan hacerlo, intenta practicar tu sonrisa delante del espejo antes de hacerte la foto. No solo parecer\u00e1s m\u00e1s amable, sino que la sonrisa es una prueba de que eres m\u00e1s feliz, mas sano y m\u00e1s relajado.<span class=\"Apple-converted-space\">\u00a0<\/span><\/p><p>2. Siempre ojos entrecerrados<\/p><p>Hacer los ojos m\u00e1s peque\u00f1os, como si el sol nos molestara un poco, ayuda mejorar la percepci\u00f3n de la competencia y de la influencia. La idea es que los ojos demasiado abiertos transmiten vulnerabilidad e inseguridad, mientras unos ojos ligeramente empeque\u00f1ecidos muestran una persona segura.<span class=\"Apple-converted-space\">\u00a0<\/span><\/p><p>3. Accentua la linea del ment\u00f3n<\/p><p>Un contorno o una sombra en el ment\u00f3n incrementa los puntos en influencia, simpat\u00eda y competencia.<\/p><p>4. V\u00edstete para impresionar<span class=\"Apple-converted-space\">\u00a0<\/span><\/p><p>El vestido formal es percibido de una mejor manera en los puntos de competencia e influencia que cualquier otra prenda y en el caso de los hombres, una camisa de color claro y una chaqueta oscura y corbata punt\u00faan mejor que las prendas brillantes o a la moda.<span class=\"Apple-converted-space\">\u00a0<\/span><\/p><p>5. Mira directamente la c\u00e1mara<span class=\"Apple-converted-space\">\u00a0<\/span><\/p><p>Las personas cuyos ojos quedan obstruidos por gafas, pelo o una sombra reciben menos puntos que las que miran directamente la c\u00e1mara.<span class=\"Apple-converted-space\">\u00a0<\/span><\/p><p>6. Mejor una foto de la cabeza y de los hombros<\/p><p>Una foto de la cara muy cerca rebaja los puntos, mientras una de cuerpo entero afecta de manera negativa la competencia y la influencia.<span class=\"Apple-converted-space\">\u00a0<\/span><\/p><p>7. Evita las fotos demasiado oscuras o con saturaci\u00f3n muy alta<\/p><p>Los filtros son mejores para otras redes sociales, como Instagram. Una foto demasiado oscura trae pocos puntos y lo mismo pasa con los colores muy saturados.<\/p><p>Un truco: evita la luz directa del sol o la fuente de luz encima de la cabeza. Los expertos recomiendan posicionarnos delante de la luz filtrada por una ventana, o tener en una luz c\u00e1lida hacia nuestra cara.<span class=\"Apple-converted-space\">\u00a0<\/span><\/p>","_et_gb_content_width":"","_monsterinsights_skip_tracking":false,"_monsterinsights_sitenote_active":false,"_monsterinsights_sitenote_note":"","_monsterinsights_sitenote_category":0,"_uf_show_specific_survey":0,"_uf_disable_surveys":false,"footnotes":""},"categories":[12],"tags":[249,242,243,157,248],"class_list":["post-209275","post","type-post","status-publish","format-standard","has-post-thumbnail","hentry","category-fotografia","tag-consejos","tag-fotos-de-perfil","tag-linkedin","tag-retratos","tag-tips"],"contentshake_article_id":"","yoast_head":"<!-- This site is optimized with the Yoast SEO plugin v27.5 - https:\/\/yoast.com\/product\/yoast-seo-wordpress\/ -->\n<title>Que cuenta sobre ti la foto de LinkedIn<\/title>\n<meta name=\"description\" content=\"Los humanos han sobrevivido millones de a\u00f1os gracias en primer lugar a la capacidad de juzgar a un desconocido por su apariencia.\" \/>\n<meta name=\"robots\" content=\"index, follow, max-snippet:-1, max-image-preview:large, max-video-preview:-1\" \/>\n<link rel=\"canonical\" href=\"https:\/\/felixdamianfilms.com\/en\/que-cuenta-sobre-ti-la-foto-de-linkedin\/\" \/>\n<meta property=\"og:locale\" content=\"en_US\" \/>\n<meta property=\"og:type\" content=\"article\" \/>\n<meta property=\"og:title\" content=\"Que cuenta sobre ti la foto de LinkedIn\" \/>\n<meta property=\"og:description\" content=\"Los humanos han sobrevivido millones de a\u00f1os gracias en primer lugar a la capacidad de juzgar a un desconocido por su apariencia.\" \/>\n<meta property=\"og:url\" content=\"https:\/\/felixdamianfilms.com\/en\/que-cuenta-sobre-ti-la-foto-de-linkedin\/\" \/>\n<meta property=\"og:site_name\" content=\"Felix Damian Photographer Madrid\" \/>\n<meta property=\"article:publisher\" content=\"http:\/\/www.facebook.com\/FelixDamianFilms\" \/>\n<meta property=\"article:author\" content=\"https:\/\/www.facebook.com\/FelixDamianFilms\" \/>\n<meta property=\"article:published_time\" content=\"2019-03-24T01:48:12+00:00\" \/>\n<meta property=\"article:modified_time\" content=\"2019-08-09T18:11:44+00:00\" \/>\n<meta property=\"og:image\" content=\"https:\/\/felixdamianfilms.com\/en\/wp-content\/uploads\/2019\/03\/retratos-perfil-profesional-11.jpg\" \/>\n\t<meta property=\"og:image:width\" content=\"1200\" \/>\n\t<meta property=\"og:image:height\" content=\"800\" \/>\n\t<meta property=\"og:image:type\" content=\"image\/jpeg\" \/>\n<meta name=\"author\" content=\"Felix Damian\" \/>\n<meta name=\"twitter:card\" content=\"summary_large_image\" \/>\n<meta name=\"twitter:creator\" content=\"@FelixDamianFilm\" \/>\n<meta name=\"twitter:site\" content=\"@FelixDamianFilm\" \/>\n<meta name=\"twitter:label1\" content=\"Written by\" \/>\n\t<meta name=\"twitter:data1\" content=\"Felix Damian\" \/>\n\t<meta name=\"twitter:label2\" content=\"Est. reading time\" \/>\n\t<meta name=\"twitter:data2\" content=\"10 minutes\" \/>\n<script type=\"application\/ld+json\" class=\"yoast-schema-graph\">{\"@context\":\"https:\\\/\\\/schema.org\",\"@graph\":[{\"@type\":\"Article\",\"@id\":\"https:\\\/\\\/felixdamianfilms.com\\\/en\\\/que-cuenta-sobre-ti-la-foto-de-linkedin\\\/#article\",\"isPartOf\":{\"@id\":\"https:\\\/\\\/felixdamianfilms.com\\\/en\\\/que-cuenta-sobre-ti-la-foto-de-linkedin\\\/\"},\"author\":{\"name\":\"Felix Damian\",\"@id\":\"https:\\\/\\\/felixdamianfilms.com\\\/en\\\/#\\\/schema\\\/person\\\/569c908de2eb1e5b2ab68317d7c1a14e\"},\"headline\":\"Que cuenta sobre ti la foto de LinkedIn\",\"datePublished\":\"2019-03-24T01:48:12+00:00\",\"dateModified\":\"2019-08-09T18:11:44+00:00\",\"mainEntityOfPage\":{\"@id\":\"https:\\\/\\\/felixdamianfilms.com\\\/en\\\/que-cuenta-sobre-ti-la-foto-de-linkedin\\\/\"},\"wordCount\":2007,\"image\":{\"@id\":\"https:\\\/\\\/felixdamianfilms.com\\\/en\\\/que-cuenta-sobre-ti-la-foto-de-linkedin\\\/#primaryimage\"},\"thumbnailUrl\":\"https:\\\/\\\/felixdamianfilms.com\\\/en\\\/wp-content\\\/uploads\\\/2019\\\/03\\\/retratos-perfil-profesional-11.jpg\",\"keywords\":[\"consejos\",\"fotos de perfil\",\"linkedin\",\"retratos\",\"tips\"],\"articleSection\":[\"Fotografia\"],\"inLanguage\":\"en-US\"},{\"@type\":\"WebPage\",\"@id\":\"https:\\\/\\\/felixdamianfilms.com\\\/en\\\/que-cuenta-sobre-ti-la-foto-de-linkedin\\\/\",\"url\":\"https:\\\/\\\/felixdamianfilms.com\\\/en\\\/que-cuenta-sobre-ti-la-foto-de-linkedin\\\/\",\"name\":\"Que cuenta sobre ti la foto de LinkedIn\",\"isPartOf\":{\"@id\":\"https:\\\/\\\/felixdamianfilms.com\\\/en\\\/#website\"},\"primaryImageOfPage\":{\"@id\":\"https:\\\/\\\/felixdamianfilms.com\\\/en\\\/que-cuenta-sobre-ti-la-foto-de-linkedin\\\/#primaryimage\"},\"image\":{\"@id\":\"https:\\\/\\\/felixdamianfilms.com\\\/en\\\/que-cuenta-sobre-ti-la-foto-de-linkedin\\\/#primaryimage\"},\"thumbnailUrl\":\"https:\\\/\\\/felixdamianfilms.com\\\/en\\\/wp-content\\\/uploads\\\/2019\\\/03\\\/retratos-perfil-profesional-11.jpg\",\"datePublished\":\"2019-03-24T01:48:12+00:00\",\"dateModified\":\"2019-08-09T18:11:44+00:00\",\"author\":{\"@id\":\"https:\\\/\\\/felixdamianfilms.com\\\/en\\\/#\\\/schema\\\/person\\\/569c908de2eb1e5b2ab68317d7c1a14e\"},\"description\":\"Los humanos han sobrevivido millones de a\u00f1os gracias en primer lugar a la capacidad de juzgar a un desconocido por su apariencia.\",\"breadcrumb\":{\"@id\":\"https:\\\/\\\/felixdamianfilms.com\\\/en\\\/que-cuenta-sobre-ti-la-foto-de-linkedin\\\/#breadcrumb\"},\"inLanguage\":\"en-US\",\"potentialAction\":[{\"@type\":\"ReadAction\",\"target\":[\"https:\\\/\\\/felixdamianfilms.com\\\/en\\\/que-cuenta-sobre-ti-la-foto-de-linkedin\\\/\"]}]},{\"@type\":\"ImageObject\",\"inLanguage\":\"en-US\",\"@id\":\"https:\\\/\\\/felixdamianfilms.com\\\/en\\\/que-cuenta-sobre-ti-la-foto-de-linkedin\\\/#primaryimage\",\"url\":\"https:\\\/\\\/felixdamianfilms.com\\\/en\\\/wp-content\\\/uploads\\\/2019\\\/03\\\/retratos-perfil-profesional-11.jpg\",\"contentUrl\":\"https:\\\/\\\/felixdamianfilms.com\\\/en\\\/wp-content\\\/uploads\\\/2019\\\/03\\\/retratos-perfil-profesional-11.jpg\",\"width\":1200,\"height\":800,\"caption\":\"foto de perfil linkedin\"},{\"@type\":\"BreadcrumbList\",\"@id\":\"https:\\\/\\\/felixdamianfilms.com\\\/en\\\/que-cuenta-sobre-ti-la-foto-de-linkedin\\\/#breadcrumb\",\"itemListElement\":[{\"@type\":\"ListItem\",\"position\":1,\"name\":\"Home\",\"item\":\"https:\\\/\\\/felixdamianfilms.com\\\/en\\\/\"},{\"@type\":\"ListItem\",\"position\":2,\"name\":\"Que cuenta sobre ti la foto de LinkedIn\"}]},{\"@type\":\"WebSite\",\"@id\":\"https:\\\/\\\/felixdamianfilms.com\\\/en\\\/#website\",\"url\":\"https:\\\/\\\/felixdamianfilms.com\\\/en\\\/\",\"name\":\"Felix Damian Photographer Madrid\",\"description\":\"Event Photographer and Videographer Madrid\",\"potentialAction\":[{\"@type\":\"SearchAction\",\"target\":{\"@type\":\"EntryPoint\",\"urlTemplate\":\"https:\\\/\\\/felixdamianfilms.com\\\/en\\\/?s={search_term_string}\"},\"query-input\":{\"@type\":\"PropertyValueSpecification\",\"valueRequired\":true,\"valueName\":\"search_term_string\"}}],\"inLanguage\":\"en-US\"},{\"@type\":\"Person\",\"@id\":\"https:\\\/\\\/felixdamianfilms.com\\\/en\\\/#\\\/schema\\\/person\\\/569c908de2eb1e5b2ab68317d7c1a14e\",\"name\":\"Felix Damian\",\"image\":{\"@type\":\"ImageObject\",\"inLanguage\":\"en-US\",\"@id\":\"https:\\\/\\\/secure.gravatar.com\\\/avatar\\\/f4ed55aee7bf0b6c98852711589961e986f92496b64fbbfcd2b9b69212cccdfc?s=96&d=mm&r=g\",\"url\":\"https:\\\/\\\/secure.gravatar.com\\\/avatar\\\/f4ed55aee7bf0b6c98852711589961e986f92496b64fbbfcd2b9b69212cccdfc?s=96&d=mm&r=g\",\"contentUrl\":\"https:\\\/\\\/secure.gravatar.com\\\/avatar\\\/f4ed55aee7bf0b6c98852711589961e986f92496b64fbbfcd2b9b69212cccdfc?s=96&d=mm&r=g\",\"caption\":\"Felix Damian\"},\"sameAs\":[\"https:\\\/\\\/www.facebook.com\\\/FelixDamianFilms\",\"https:\\\/\\\/x.com\\\/FelixDamianFilm\"],\"url\":\"https:\\\/\\\/felixdamianfilms.com\\\/en\\\/author\\\/felixdamianfilms\\\/\"}]}<\/script>\n<!-- \/ Yoast SEO plugin. -->","yoast_head_json":{"title":"Que cuenta sobre ti la foto de LinkedIn","description":"Los humanos han sobrevivido millones de a\u00f1os gracias en primer lugar a la capacidad de juzgar a un desconocido por su apariencia.","robots":{"index":"index","follow":"follow","max-snippet":"max-snippet:-1","max-image-preview":"max-image-preview:large","max-video-preview":"max-video-preview:-1"},"canonical":"https:\/\/felixdamianfilms.com\/en\/que-cuenta-sobre-ti-la-foto-de-linkedin\/","og_locale":"en_US","og_type":"article","og_title":"Que cuenta sobre ti la foto de LinkedIn","og_description":"Los humanos han sobrevivido millones de a\u00f1os gracias en primer lugar a la capacidad de juzgar a un desconocido por su apariencia.","og_url":"https:\/\/felixdamianfilms.com\/en\/que-cuenta-sobre-ti-la-foto-de-linkedin\/","og_site_name":"Felix Damian Photographer Madrid","article_publisher":"http:\/\/www.facebook.com\/FelixDamianFilms","article_author":"https:\/\/www.facebook.com\/FelixDamianFilms","article_published_time":"2019-03-24T01:48:12+00:00","article_modified_time":"2019-08-09T18:11:44+00:00","og_image":[{"width":1200,"height":800,"url":"https:\/\/felixdamianfilms.com\/en\/wp-content\/uploads\/2019\/03\/retratos-perfil-profesional-11.jpg","type":"image\/jpeg"}],"author":"Felix Damian","twitter_card":"summary_large_image","twitter_creator":"@FelixDamianFilm","twitter_site":"@FelixDamianFilm","twitter_misc":{"Written by":"Felix Damian","Est. reading time":"10 minutes"},"schema":{"@context":"https:\/\/schema.org","@graph":[{"@type":"Article","@id":"https:\/\/felixdamianfilms.com\/en\/que-cuenta-sobre-ti-la-foto-de-linkedin\/#article","isPartOf":{"@id":"https:\/\/felixdamianfilms.com\/en\/que-cuenta-sobre-ti-la-foto-de-linkedin\/"},"author":{"name":"Felix Damian","@id":"https:\/\/felixdamianfilms.com\/en\/#\/schema\/person\/569c908de2eb1e5b2ab68317d7c1a14e"},"headline":"Que cuenta sobre ti la foto de LinkedIn","datePublished":"2019-03-24T01:48:12+00:00","dateModified":"2019-08-09T18:11:44+00:00","mainEntityOfPage":{"@id":"https:\/\/felixdamianfilms.com\/en\/que-cuenta-sobre-ti-la-foto-de-linkedin\/"},"wordCount":2007,"image":{"@id":"https:\/\/felixdamianfilms.com\/en\/que-cuenta-sobre-ti-la-foto-de-linkedin\/#primaryimage"},"thumbnailUrl":"https:\/\/felixdamianfilms.com\/en\/wp-content\/uploads\/2019\/03\/retratos-perfil-profesional-11.jpg","keywords":["consejos","fotos de perfil","linkedin","retratos","tips"],"articleSection":["Fotografia"],"inLanguage":"en-US"},{"@type":"WebPage","@id":"https:\/\/felixdamianfilms.com\/en\/que-cuenta-sobre-ti-la-foto-de-linkedin\/","url":"https:\/\/felixdamianfilms.com\/en\/que-cuenta-sobre-ti-la-foto-de-linkedin\/","name":"Que cuenta sobre ti la foto de LinkedIn","isPartOf":{"@id":"https:\/\/felixdamianfilms.com\/en\/#website"},"primaryImageOfPage":{"@id":"https:\/\/felixdamianfilms.com\/en\/que-cuenta-sobre-ti-la-foto-de-linkedin\/#primaryimage"},"image":{"@id":"https:\/\/felixdamianfilms.com\/en\/que-cuenta-sobre-ti-la-foto-de-linkedin\/#primaryimage"},"thumbnailUrl":"https:\/\/felixdamianfilms.com\/en\/wp-content\/uploads\/2019\/03\/retratos-perfil-profesional-11.jpg","datePublished":"2019-03-24T01:48:12+00:00","dateModified":"2019-08-09T18:11:44+00:00","author":{"@id":"https:\/\/felixdamianfilms.com\/en\/#\/schema\/person\/569c908de2eb1e5b2ab68317d7c1a14e"},"description":"Los humanos han sobrevivido millones de a\u00f1os gracias en primer lugar a la capacidad de juzgar a un desconocido por su apariencia.","breadcrumb":{"@id":"https:\/\/felixdamianfilms.com\/en\/que-cuenta-sobre-ti-la-foto-de-linkedin\/#breadcrumb"},"inLanguage":"en-US","potentialAction":[{"@type":"ReadAction","target":["https:\/\/felixdamianfilms.com\/en\/que-cuenta-sobre-ti-la-foto-de-linkedin\/"]}]},{"@type":"ImageObject","inLanguage":"en-US","@id":"https:\/\/felixdamianfilms.com\/en\/que-cuenta-sobre-ti-la-foto-de-linkedin\/#primaryimage","url":"https:\/\/felixdamianfilms.com\/en\/wp-content\/uploads\/2019\/03\/retratos-perfil-profesional-11.jpg","contentUrl":"https:\/\/felixdamianfilms.com\/en\/wp-content\/uploads\/2019\/03\/retratos-perfil-profesional-11.jpg","width":1200,"height":800,"caption":"foto de perfil linkedin"},{"@type":"BreadcrumbList","@id":"https:\/\/felixdamianfilms.com\/en\/que-cuenta-sobre-ti-la-foto-de-linkedin\/#breadcrumb","itemListElement":[{"@type":"ListItem","position":1,"name":"Home","item":"https:\/\/felixdamianfilms.com\/en\/"},{"@type":"ListItem","position":2,"name":"Que cuenta sobre ti la foto de LinkedIn"}]},{"@type":"WebSite","@id":"https:\/\/felixdamianfilms.com\/en\/#website","url":"https:\/\/felixdamianfilms.com\/en\/","name":"Felix Damian Photographer Madrid","description":"Event Photographer and Videographer Madrid","potentialAction":[{"@type":"SearchAction","target":{"@type":"EntryPoint","urlTemplate":"https:\/\/felixdamianfilms.com\/en\/?s={search_term_string}"},"query-input":{"@type":"PropertyValueSpecification","valueRequired":true,"valueName":"search_term_string"}}],"inLanguage":"en-US"},{"@type":"Person","@id":"https:\/\/felixdamianfilms.com\/en\/#\/schema\/person\/569c908de2eb1e5b2ab68317d7c1a14e","name":"Felix Damian","image":{"@type":"ImageObject","inLanguage":"en-US","@id":"https:\/\/secure.gravatar.com\/avatar\/f4ed55aee7bf0b6c98852711589961e986f92496b64fbbfcd2b9b69212cccdfc?s=96&d=mm&r=g","url":"https:\/\/secure.gravatar.com\/avatar\/f4ed55aee7bf0b6c98852711589961e986f92496b64fbbfcd2b9b69212cccdfc?s=96&d=mm&r=g","contentUrl":"https:\/\/secure.gravatar.com\/avatar\/f4ed55aee7bf0b6c98852711589961e986f92496b64fbbfcd2b9b69212cccdfc?s=96&d=mm&r=g","caption":"Felix Damian"},"sameAs":["https:\/\/www.facebook.com\/FelixDamianFilms","https:\/\/x.com\/FelixDamianFilm"],"url":"https:\/\/felixdamianfilms.com\/en\/author\/felixdamianfilms\/"}]}},"_links":{"self":[{"href":"https:\/\/felixdamianfilms.com\/en\/wp-json\/wp\/v2\/posts\/209275","targetHints":{"allow":["GET"]}}],"collection":[{"href":"https:\/\/felixdamianfilms.com\/en\/wp-json\/wp\/v2\/posts"}],"about":[{"href":"https:\/\/felixdamianfilms.com\/en\/wp-json\/wp\/v2\/types\/post"}],"author":[{"embeddable":true,"href":"https:\/\/felixdamianfilms.com\/en\/wp-json\/wp\/v2\/users\/1"}],"replies":[{"embeddable":true,"href":"https:\/\/felixdamianfilms.com\/en\/wp-json\/wp\/v2\/comments?post=209275"}],"version-history":[{"count":19,"href":"https:\/\/felixdamianfilms.com\/en\/wp-json\/wp\/v2\/posts\/209275\/revisions"}],"predecessor-version":[{"id":209797,"href":"https:\/\/felixdamianfilms.com\/en\/wp-json\/wp\/v2\/posts\/209275\/revisions\/209797"}],"wp:featuredmedia":[{"embeddable":true,"href":"https:\/\/felixdamianfilms.com\/en\/wp-json\/wp\/v2\/media\/209198"}],"wp:attachment":[{"href":"https:\/\/felixdamianfilms.com\/en\/wp-json\/wp\/v2\/media?parent=209275"}],"wp:term":[{"taxonomy":"category","embeddable":true,"href":"https:\/\/felixdamianfilms.com\/en\/wp-json\/wp\/v2\/categories?post=209275"},{"taxonomy":"post_tag","embeddable":true,"href":"https:\/\/felixdamianfilms.com\/en\/wp-json\/wp\/v2\/tags?post=209275"}],"curies":[{"name":"wp","href":"https:\/\/api.w.org\/{rel}","templated":true}]}}