{"id":209474,"date":"2019-05-01T21:50:50","date_gmt":"2019-05-01T19:50:50","guid":{"rendered":"https:\/\/felixdamianfilms.com\/en\/?p=209474"},"modified":"2019-08-26T15:57:11","modified_gmt":"2019-08-26T13:57:11","slug":"sesion-de-fotos-para-profesionales","status":"publish","type":"post","link":"https:\/\/felixdamianfilms.com\/en\/sesion-de-fotos-para-profesionales\/","title":{"rendered":"Sesi\u00f3n foto expr\u00e9s para profesionales"},"content":{"rendered":"<p>[et_pb_section fb_built=&#8221;1&#8243; admin_label=&#8221;section&#8221; _builder_version=&#8221;3.27.1&#8243; background_color=&#8221;#ffffff&#8221; background_image=&#8221;https:\/\/felixdamianfilms.com\/en\/wp-content\/uploads\/2019\/05\/fotografo-alcala-de-henares-28-1024&#215;683.jpg&#8221; parallax=&#8221;on&#8221; inner_width_tablet=&#8221;50px&#8221; inner_max_width_tablet=&#8221;50px&#8221; z_index_tablet=&#8221;500&#8243; fb_built=&#8221;1&#8243; _i=&#8221;0&#8243; _address=&#8221;0&#8243; min_height=&#8221;341px&#8221;][et_pb_row _builder_version=&#8221;3.25&#8243; background_size=&#8221;initial&#8221; background_position=&#8221;top_left&#8221; background_repeat=&#8221;repeat&#8221; _i=&#8221;0&#8243; _address=&#8221;0.0&#8243; custom_margin=&#8221;|auto|-104px|auto||&#8221; custom_padding=&#8221;|||0px||&#8221;][et_pb_column type=&#8221;4_4&#8243; _builder_version=&#8221;3.25&#8243; custom_padding=&#8221;|||&#8221; _i=&#8221;0&#8243; _address=&#8221;0.0.0&#8243; custom_padding__hover=&#8221;|||&#8221;][et_pb_text admin_label=&#8221;Titulo&#8221; _builder_version=&#8221;3.27.1&#8243; text_font=&#8221;PT Sans||||&#8221; text_text_color=&#8221;#ffffff&#8221; text_font_size=&#8221;72&#8243; text_line_height=&#8221;1.1em&#8221; border_color_all=&#8221;#ffffff&#8221; max_width=&#8221;620px&#8221; custom_margin=&#8221;0px||0px|&#8221; z_index_tablet=&#8221;500&#8243; text_font_size_tablet=&#8221;52&#8243; text_font_size_last_edited=&#8221;on|tablet&#8221; use_border_color=&#8221;off&#8221; border_color=&#8221;#ffffff&#8221; border_style=&#8221;solid&#8221; _i=&#8221;0&#8243; _address=&#8221;0.0.0.0&#8243; custom_padding=&#8221;0px|204px||0px||&#8221;]<\/p>\n<p>Sesi\u00f3n foto expr\u00e9s para profesionales<\/p>\n<p>[\/et_pb_text][et_pb_divider show_divider=&#8221;off&#8221; disabled_on=&#8221;on&#8221; _builder_version=&#8221;3.23.4&#8243; height=&#8221;200px&#8221; hide_on_mobile=&#8221;on&#8221; _i=&#8221;1&#8243; _address=&#8221;0.0.0.1&#8243; custom_margin=&#8221;||-101px|||&#8221;][\/et_pb_divider][\/et_pb_column][\/et_pb_row][\/et_pb_section][et_pb_section fb_built=&#8221;1&#8243; custom_padding_last_edited=&#8221;on|desktop&#8221; _builder_version=&#8221;3.22.3&#8243; background_color=&#8221;#f7f7f4&#8243; custom_padding_tablet=&#8221;50px|0|50px|0&#8243; transparent_background=&#8221;off&#8221; padding_mobile=&#8221;off&#8221; fb_built=&#8221;1&#8243; _i=&#8221;1&#8243; _address=&#8221;1&#8243;][et_pb_row padding_mobile=&#8221;on&#8221; column_padding_mobile=&#8221;on&#8221; admin_label=&#8221;row&#8221; _builder_version=&#8221;3.25&#8243; background_size=&#8221;initial&#8221; background_position=&#8221;top_left&#8221; background_repeat=&#8221;repeat&#8221; custom_margin=&#8221;|-22px||51px||&#8221; custom_padding=&#8221;0px|||&#8221; _i=&#8221;0&#8243; _address=&#8221;1.0&#8243;][et_pb_column type=&#8221;4_4&#8243; _builder_version=&#8221;3.25&#8243; custom_padding=&#8221;|||&#8221; _i=&#8221;0&#8243; _address=&#8221;1.0.0&#8243; custom_padding__hover=&#8221;|||&#8221;][et_pb_text disabled_on=&#8221;on|on|on&#8221; _builder_version=&#8221;3.0.90&#8243; text_font=&#8221;PT Serif||||&#8221; text_text_color=&#8221;#363636&#8243; text_font_size=&#8221;24&#8243; text_line_height=&#8221;1.4em&#8221; border_color_all=&#8221;#ffffff&#8221; max_width=&#8221;620px&#8221; custom_margin=&#8221;10px||0px|&#8221; text_font_size_last_edited=&#8221;on|tablet&#8221; use_border_color=&#8221;off&#8221; disabled=&#8221;on&#8221; _i=&#8221;0&#8243; _address=&#8221;1.0.0.0&#8243;]<\/p>\n<p>\nNos encanta hacer retratos fotogr\u00e1ficos de personas que no est\u00e1n acostumbradas a posar, pero cuando nuestro cliente es modelo todo cambia.<\/p>\n<p>[\/et_pb_text][et_pb_text admin_label=&#8221;Articol&#8221; _builder_version=&#8221;3.27.1&#8243; text_font=&#8221;PT Serif||||&#8221; text_text_color=&#8221;#363636&#8243; text_font_size=&#8221;20&#8243; text_line_height=&#8221;1.5em&#8221; border_color_all=&#8221;#ffffff&#8221; max_width=&#8221;620px&#8221; custom_margin=&#8221;30px||0px|&#8221; z_index_tablet=&#8221;500&#8243; text_font_size_last_edited=&#8221;on|tablet&#8221; use_border_color=&#8221;off&#8221; _i=&#8221;1&#8243; _address=&#8221;1.0.0.1&#8243;]Nuestras sesiones foto expr\u00e9s est\u00e1n dirigidas a profesionales que trabajan desde los espacios de tipo Coworking y quieren renovar sus fotos de perfil.<\/p>\n<p>Peri\u00f3dicamente organizamos sesiones colectivas en las que llevamos un estudio foto port\u00e1til para los profesionales que necesitan este servicio.<\/p>\n<p>As\u00ed que si necesitabas una foto de perfil actualizada y profesional ahora tienes la oportunidad de participar en nuestras sesiones foto coworking con precios a partir de 15 euros con IVA incluido.<\/p>\n<p>La pr\u00f3xima sesi\u00f3n tendr\u00e1 lugar en septiembre y si est\u00e1s interesado en apuntarte <a href=\"\/?page_id=75\">env\u00edanos un correo<\/a> para informarte.<\/p>\n<p><img loading=\"lazy\" decoding=\"async\" class=\"aligncenter wp-image-209540 size-full\" src=\"https:\/\/felixdamianfilms.com\/en\/wp-content\/uploads\/2019\/05\/retratos-para-profesionales-felix-damian-films-1.jpg\" alt=\"retratos-para-profesionales-felix-damian-films\" width=\"800\" height=\"308\" srcset=\"https:\/\/felixdamianfilms.com\/en\/wp-content\/uploads\/2019\/05\/retratos-para-profesionales-felix-damian-films-1.jpg 800w, https:\/\/felixdamianfilms.com\/en\/wp-content\/uploads\/2019\/05\/retratos-para-profesionales-felix-damian-films-1-600x231.jpg 600w, https:\/\/felixdamianfilms.com\/en\/wp-content\/uploads\/2019\/05\/retratos-para-profesionales-felix-damian-films-1-768x296.jpg 768w, https:\/\/felixdamianfilms.com\/en\/wp-content\/uploads\/2019\/05\/retratos-para-profesionales-felix-damian-films-1-610x235.jpg 610w\" sizes=\"(max-width: 800px) 100vw, 800px\" \/><\/p>\n<p>Nuestras sesiones expr\u00e9s duran hasta 10 diez minutos por persona y consisten en realizar varias fotos de retrato headshot (cabeza y hombros). Normalmente las fotos de perfil encajan mejor sobre un fondo de color blanco o m\u00e1s claro.<\/p>\n<p>Despu\u00e9s de la mini-sesion podr\u00e1s elegir la foto que m\u00e1s te guste para ser retocada. En 24-72 horas la recibir\u00e1s online, en alta resoluci\u00f3n web, para poder utilizarla libremente en tus redes.<\/p>\n<p>Mira aqu\u00ed un v\u00eddeo de una de nuestras sesiones realizadas en un Coworking.<\/p>\n<p><iframe loading=\"lazy\" src=\"https:\/\/www.youtube.com\/embed\/2JZm071uaR4\" width=\"560\" height=\"315\" frameborder=\"0\" allowfullscreen=\"allowfullscreen\"><\/iframe>[\/et_pb_text][et_pb_text disabled_on=&#8221;on|on|on&#8221; admin_label=&#8221;Info de reserva&#8221; _builder_version=&#8221;3.27.1&#8243; text_font=&#8221;PT Serif||||&#8221; text_text_color=&#8221;#363636&#8243; text_font_size=&#8221;20&#8243; text_line_height=&#8221;1.5em&#8221; border_color_all=&#8221;#ffffff&#8221; max_width=&#8221;620px&#8221; custom_margin=&#8221;30px||0px|&#8221; z_index_tablet=&#8221;500&#8243; text_font_size_last_edited=&#8221;on|tablet&#8221; use_border_color=&#8221;off&#8221; disabled=&#8221;on&#8221; _i=&#8221;2&#8243; _address=&#8221;1.0.0.2&#8243;]Puedes apuntarte en nuestra web de reservas abonando el precio de 12 euros. Si necesitas m\u00e1s de una foto para tus redes, el coste es de 5 euros por fotograf\u00eda retocada.<\/p>\n<p>El pago se puede hacer con tarjeta o a trav\u00e9s de Paypal.\u00a0Por ser una sesi\u00f3n de grupo no se puede anular o cambiar la hora.<\/p>\n<p><a href=\"https:\/\/felixdamian.as.me\/concilyando\" target=\"_blank\" rel=\"noopener noreferrer\">Reserva ahora una sesi\u00f3n<\/a>[\/et_pb_text][et_pb_code disabled_on=&#8221;on|on|on&#8221; admin_label=&#8221;Acuity Calendar&#8221; _builder_version=&#8221;3.27.1&#8243; text_orientation=&#8221;center&#8221; custom_margin=&#8221;|-58px||||&#8221; custom_padding=&#8221;|||0px||&#8221; z_index_tablet=&#8221;500&#8243; disabled=&#8221;on&#8221; _i=&#8221;3&#8243; _address=&#8221;1.0.0.3&#8243;]<iframe loading=\"lazy\" src=\"https:\/\/app.acuityscheduling.com\/schedule.php?owner=16754091&#038;appointmentType=9903831\" width=\"100%\" height=\"4000\" frameBorder=\"0\"><\/iframe><script src=\"https:\/\/embed.acuityscheduling.com\/js\/embed.js\" type=\"text\/javascript\"><\/script>[\/et_pb_code][et_pb_text disabled_on=&#8221;on|on|on&#8221; _builder_version=&#8221;3.0.90&#8243; text_font=&#8221;PT Serif||on||&#8221; text_text_color=&#8221;#363636&#8243; text_font_size=&#8221;16&#8243; text_line_height=&#8221;1em&#8221; border_color_all=&#8221;#ffffff&#8221; border_style_all=&#8221;solid&#8221; custom_margin=&#8221;20px||0px|&#8221; use_border_color=&#8221;off&#8221; border_color=&#8221;#ffffff&#8221; border_style=&#8221;solid&#8221; disabled=&#8221;on&#8221; _i=&#8221;4&#8243; _address=&#8221;1.0.0.4&#8243;]<\/p>\n<p>\nAqu\u00ed tenemos unas de las mejores fotos que nos costaron elegir.<\/p>\n<p>[\/et_pb_text][\/et_pb_column][\/et_pb_row][et_pb_row use_custom_gutter=&#8221;on&#8221; gutter_width=&#8221;1&#8243; column_padding_mobile=&#8221;on&#8221; custom_padding_last_edited=&#8221;on|tablet&#8221; disabled_on=&#8221;on|on|on&#8221; module_class=&#8221; et_pb_row_fullwidth et_pb_row_fullwidth et_pb_row_fullwidth et_pb_row_fullwidth et_pb_row_fullwidth et_pb_row_fullwidth et_pb_row_fullwidth et_pb_row_fullwidth et_pb_row_fullwidth et_pb_row_fullwidth et_pb_row_fullwidth et_pb_row_fullwidth et_pb_row_fullwidth et_pb_row_fullwidth et_pb_row_fullwidth et_pb_row_fullwidth et_pb_row_fullwidth et_pb_row_fullwidth et_pb_row_fullwidth&#8221; _builder_version=&#8221;3.25&#8243; background_size=&#8221;initial&#8221; background_position=&#8221;top_left&#8221; background_repeat=&#8221;repeat&#8221; width=&#8221;100%&#8221; width_tablet=&#8221;100%&#8221; width_last_edited=&#8221;on|desktop&#8221; max_width=&#8221;100%&#8221; max_width_tablet=&#8221;100%&#8221; max_width_last_edited=&#8221;on|desktop&#8221; custom_padding=&#8221;50px|||&#8221; custom_padding_tablet=&#8221;17px|||&#8221; make_fullwidth=&#8221;on&#8221; disabled=&#8221;on&#8221; _i=&#8221;1&#8243; _address=&#8221;1.1&#8243;][et_pb_column type=&#8221;4_4&#8243; _builder_version=&#8221;3.25&#8243; custom_padding=&#8221;|||&#8221; _i=&#8221;0&#8243; _address=&#8221;1.1.0&#8243; custom_padding__hover=&#8221;|||&#8221;][et_pb_gallery gallery_ids=&#8221;206197,206196,206195,206189,206190,206191,206186,206192,206193,206194,206188,206187&#8243; gallery_captions=&#8221;,,,,,,,,,,,,,,,,,,,&#8221; posts_number=&#8221;12&#8243; orientation=&#8221;portrait&#8221; show_title_and_caption=&#8221;off&#8221; admin_label=&#8221;Gallery Keisy&#8221; _builder_version=&#8221;3.7&#8243; pagination_font_size_tablet=&#8221;51&#8243; pagination_line_height_tablet=&#8221;2&#8243; saved_tabs=&#8221;all&#8221; _i=&#8221;0&#8243; _address=&#8221;1.1.0.0&#8243;][\/et_pb_gallery][\/et_pb_column][\/et_pb_row][\/et_pb_section][et_pb_section fb_built=&#8221;1&#8243; fullwidth=&#8221;on&#8221; _builder_version=&#8221;3.22.7&#8243; fb_built=&#8221;1&#8243; _i=&#8221;2&#8243; _address=&#8221;2&#8243;][\/et_pb_section][et_pb_section fb_built=&#8221;1&#8243; disabled_on=&#8221;on|on|on&#8221; _builder_version=&#8221;3.22.3&#8243; disabled=&#8221;on&#8221; fb_built=&#8221;1&#8243; _i=&#8221;3&#8243; _address=&#8221;3&#8243;][et_pb_row padding_mobile=&#8221;off&#8221; column_padding_mobile=&#8221;on&#8221; _builder_version=&#8221;3.25&#8243; background_size=&#8221;initial&#8221; background_position=&#8221;top_left&#8221; background_repeat=&#8221;repeat&#8221; max_width=&#8221;780px&#8221; use_custom_width=&#8221;on&#8221; custom_width_px=&#8221;780px&#8221; _i=&#8221;0&#8243; _address=&#8221;3.0&#8243;][et_pb_column type=&#8221;4_4&#8243; _builder_version=&#8221;3.25&#8243; custom_padding=&#8221;|||&#8221; _i=&#8221;0&#8243; _address=&#8221;3.0.0&#8243; custom_padding__hover=&#8221;|||&#8221;][et_pb_text disabled_on=&#8221;on|on|on&#8221; _builder_version=&#8221;3.0.90&#8243; text_font=&#8221;PT Serif||||&#8221; text_text_color=&#8221;#363636&#8243; text_font_size=&#8221;36&#8243; text_line_height=&#8221;1.4em&#8221; border_color_all=&#8221;#ffffff&#8221; module_alignment=&#8221;center&#8221; custom_margin=&#8221;||70px|&#8221; text_font_size_tablet=&#8221;26&#8243; text_font_size_last_edited=&#8221;on|tablet&#8221; use_border_color=&#8221;off&#8221; disabled=&#8221;on&#8221; _i=&#8221;0&#8243; _address=&#8221;3.0.0.0&#8243;]<\/p>\n<p>\n\u00bfQuieres ganar una sesi\u00f3n gratuita?<\/p>\n<p>[\/et_pb_text][et_pb_signup mailchimp_list=&#8221;felixdamian|4408014ab8&#8243; name_field=&#8221;on&#8221; success_action=&#8221;redirect&#8221; success_redirect_url=&#8221;https:\/\/felixdamianfilms.com\/en\/thank-you-newsletter\/&#8221; success_redirect_query=&#8221;||off||&#8221; title=&#8221;\u00bfQuieres ganar una sesi\u00f3n gratuita?&#8221; button_text=&#8221;Suscribir&#8221; disabled_on=&#8221;on|on|on&#8221; _builder_version=&#8221;3.23&#8243; background_color=&#8221;rgba(131,0,233,0.81)&#8221; result_message_font_size_tablet=&#8221;51&#8243; result_message_line_height_tablet=&#8221;2&#8243; disabled=&#8221;on&#8221; button_text_size__hover_enabled=&#8221;off&#8221; button_one_text_size__hover_enabled=&#8221;off&#8221; button_two_text_size__hover_enabled=&#8221;off&#8221; button_text_color__hover_enabled=&#8221;off&#8221; button_one_text_color__hover_enabled=&#8221;off&#8221; button_two_text_color__hover_enabled=&#8221;off&#8221; button_border_width__hover_enabled=&#8221;off&#8221; button_one_border_width__hover_enabled=&#8221;off&#8221; button_two_border_width__hover_enabled=&#8221;off&#8221; button_border_color__hover_enabled=&#8221;off&#8221; button_one_border_color__hover_enabled=&#8221;off&#8221; button_two_border_color__hover_enabled=&#8221;off&#8221; button_border_radius__hover_enabled=&#8221;off&#8221; button_one_border_radius__hover_enabled=&#8221;off&#8221; button_two_border_radius__hover_enabled=&#8221;off&#8221; button_letter_spacing__hover_enabled=&#8221;off&#8221; button_one_letter_spacing__hover_enabled=&#8221;off&#8221; button_two_letter_spacing__hover_enabled=&#8221;off&#8221; button_bg_color__hover_enabled=&#8221;off&#8221; button_one_bg_color__hover_enabled=&#8221;off&#8221; button_two_bg_color__hover_enabled=&#8221;off&#8221; _i=&#8221;1&#8243; _address=&#8221;3.0.0.1&#8243;]<\/p>\n<p>Ap\u00fantate en nuestra lista de noticias y ofertas por email.<br \/>Respetamos tu privacidad.<\/p>\n<p>[\/et_pb_signup][\/et_pb_column][\/et_pb_row][\/et_pb_section]<\/p>\n","protected":false},"excerpt":{"rendered":"<p>Sesi\u00f3n foto expr\u00e9s para profesionales Nos encanta hacer retratos fotogr\u00e1ficos de personas que no est\u00e1n acostumbradas a posar, pero cuando nuestro cliente es modelo todo cambia. Nuestras sesiones foto expr\u00e9s est\u00e1n dirigidas a profesionales que trabajan desde los espacios de tipo Coworking y quieren renovar sus fotos de perfil. Peri\u00f3dicamente organizamos sesiones colectivas en las [&hellip;]<\/p>\n","protected":false},"author":1,"featured_media":210035,"comment_status":"closed","ping_status":"closed","sticky":false,"template":"","format":"standard","meta":{"_et_pb_use_builder":"on","_et_pb_old_content":"","_et_gb_content_width":"","_monsterinsights_skip_tracking":false,"_monsterinsights_sitenote_active":false,"_monsterinsights_sitenote_note":"","_monsterinsights_sitenote_category":0,"_uf_show_specific_survey":0,"_uf_disable_surveys":false,"footnotes":""},"categories":[16],"tags":[250,157,227],"class_list":["post-209474","post","type-post","status-publish","format-standard","has-post-thumbnail","hentry","category-nuestras-noticias","tag-coworking","tag-retratos","tag-sesion-foto"],"contentshake_article_id":"","yoast_head":"<!-- This site is optimized with the Yoast SEO plugin v27.5 - https:\/\/yoast.com\/product\/yoast-seo-wordpress\/ -->\n<title>Sesi\u00f3n foto expr\u00e9s para profesionales | Felix Damian Photographer Madrid<\/title>\n<meta name=\"description\" content=\"Hemos preparado una sesi\u00f3n personalizada de retrato headshot (cabeza y hombros) con una duraci\u00f3n de 10 minutos sobre fondo de color blanco.\" \/>\n<meta name=\"robots\" content=\"index, follow, max-snippet:-1, max-image-preview:large, max-video-preview:-1\" \/>\n<link rel=\"canonical\" href=\"https:\/\/felixdamianfilms.com\/en\/sesion-de-fotos-para-profesionales\/\" \/>\n<meta property=\"og:locale\" content=\"en_US\" \/>\n<meta property=\"og:type\" content=\"article\" \/>\n<meta property=\"og:title\" content=\"Sesi\u00f3n foto expr\u00e9s para profesionales | Felix Damian Photographer Madrid\" \/>\n<meta property=\"og:description\" content=\"Hemos preparado una sesi\u00f3n personalizada de retrato headshot (cabeza y hombros) con una duraci\u00f3n de 10 minutos sobre fondo de color blanco.\" \/>\n<meta property=\"og:url\" content=\"https:\/\/felixdamianfilms.com\/en\/sesion-de-fotos-para-profesionales\/\" \/>\n<meta property=\"og:site_name\" content=\"Felix Damian Photographer Madrid\" \/>\n<meta property=\"article:publisher\" content=\"http:\/\/www.facebook.com\/FelixDamianFilms\" \/>\n<meta property=\"article:author\" content=\"https:\/\/www.facebook.com\/FelixDamianFilms\" \/>\n<meta property=\"article:published_time\" content=\"2019-05-01T19:50:50+00:00\" \/>\n<meta property=\"article:modified_time\" content=\"2019-08-26T13:57:11+00:00\" \/>\n<meta property=\"og:image\" content=\"https:\/\/felixdamianfilms.com\/en\/wp-content\/uploads\/2019\/05\/retratos-profesionales-post-facebook.jpg\" \/>\n\t<meta property=\"og:image:width\" content=\"940\" \/>\n\t<meta property=\"og:image:height\" content=\"788\" \/>\n\t<meta property=\"og:image:type\" content=\"image\/jpeg\" \/>\n<meta name=\"author\" content=\"Felix Damian\" \/>\n<meta name=\"twitter:card\" content=\"summary_large_image\" \/>\n<meta name=\"twitter:creator\" content=\"@FelixDamianFilm\" \/>\n<meta name=\"twitter:site\" content=\"@FelixDamianFilm\" \/>\n<meta name=\"twitter:label1\" content=\"Written by\" \/>\n\t<meta name=\"twitter:data1\" content=\"Felix Damian\" \/>\n\t<meta name=\"twitter:label2\" content=\"Est. reading time\" \/>\n\t<meta name=\"twitter:data2\" content=\"7 minutes\" \/>\n<script type=\"application\/ld+json\" class=\"yoast-schema-graph\">{\"@context\":\"https:\\\/\\\/schema.org\",\"@graph\":[{\"@type\":\"Article\",\"@id\":\"https:\\\/\\\/felixdamianfilms.com\\\/en\\\/sesion-de-fotos-para-profesionales\\\/#article\",\"isPartOf\":{\"@id\":\"https:\\\/\\\/felixdamianfilms.com\\\/en\\\/sesion-de-fotos-para-profesionales\\\/\"},\"author\":{\"name\":\"Felix Damian\",\"@id\":\"https:\\\/\\\/felixdamianfilms.com\\\/en\\\/#\\\/schema\\\/person\\\/569c908de2eb1e5b2ab68317d7c1a14e\"},\"headline\":\"Sesi\u00f3n foto expr\u00e9s para profesionales\",\"datePublished\":\"2019-05-01T19:50:50+00:00\",\"dateModified\":\"2019-08-26T13:57:11+00:00\",\"mainEntityOfPage\":{\"@id\":\"https:\\\/\\\/felixdamianfilms.com\\\/en\\\/sesion-de-fotos-para-profesionales\\\/\"},\"wordCount\":1406,\"image\":{\"@id\":\"https:\\\/\\\/felixdamianfilms.com\\\/en\\\/sesion-de-fotos-para-profesionales\\\/#primaryimage\"},\"thumbnailUrl\":\"https:\\\/\\\/felixdamianfilms.com\\\/en\\\/wp-content\\\/uploads\\\/2019\\\/05\\\/fotos-para-website-75.jpg\",\"keywords\":[\"coworking\",\"retratos\",\"sesion foto\"],\"articleSection\":[\"Nuestras noticias\"],\"inLanguage\":\"en-US\"},{\"@type\":\"WebPage\",\"@id\":\"https:\\\/\\\/felixdamianfilms.com\\\/en\\\/sesion-de-fotos-para-profesionales\\\/\",\"url\":\"https:\\\/\\\/felixdamianfilms.com\\\/en\\\/sesion-de-fotos-para-profesionales\\\/\",\"name\":\"Sesi\u00f3n foto expr\u00e9s para profesionales | Felix Damian Photographer Madrid\",\"isPartOf\":{\"@id\":\"https:\\\/\\\/felixdamianfilms.com\\\/en\\\/#website\"},\"primaryImageOfPage\":{\"@id\":\"https:\\\/\\\/felixdamianfilms.com\\\/en\\\/sesion-de-fotos-para-profesionales\\\/#primaryimage\"},\"image\":{\"@id\":\"https:\\\/\\\/felixdamianfilms.com\\\/en\\\/sesion-de-fotos-para-profesionales\\\/#primaryimage\"},\"thumbnailUrl\":\"https:\\\/\\\/felixdamianfilms.com\\\/en\\\/wp-content\\\/uploads\\\/2019\\\/05\\\/fotos-para-website-75.jpg\",\"datePublished\":\"2019-05-01T19:50:50+00:00\",\"dateModified\":\"2019-08-26T13:57:11+00:00\",\"author\":{\"@id\":\"https:\\\/\\\/felixdamianfilms.com\\\/en\\\/#\\\/schema\\\/person\\\/569c908de2eb1e5b2ab68317d7c1a14e\"},\"description\":\"Hemos preparado una sesi\u00f3n personalizada de retrato headshot (cabeza y hombros) con una duraci\u00f3n de 10 minutos sobre fondo de color blanco.\",\"breadcrumb\":{\"@id\":\"https:\\\/\\\/felixdamianfilms.com\\\/en\\\/sesion-de-fotos-para-profesionales\\\/#breadcrumb\"},\"inLanguage\":\"en-US\",\"potentialAction\":[{\"@type\":\"ReadAction\",\"target\":[\"https:\\\/\\\/felixdamianfilms.com\\\/en\\\/sesion-de-fotos-para-profesionales\\\/\"]}]},{\"@type\":\"ImageObject\",\"inLanguage\":\"en-US\",\"@id\":\"https:\\\/\\\/felixdamianfilms.com\\\/en\\\/sesion-de-fotos-para-profesionales\\\/#primaryimage\",\"url\":\"https:\\\/\\\/felixdamianfilms.com\\\/en\\\/wp-content\\\/uploads\\\/2019\\\/05\\\/fotos-para-website-75.jpg\",\"contentUrl\":\"https:\\\/\\\/felixdamianfilms.com\\\/en\\\/wp-content\\\/uploads\\\/2019\\\/05\\\/fotos-para-website-75.jpg\",\"width\":1200,\"height\":800,\"caption\":\"retrato sesion foto para coworkings\"},{\"@type\":\"BreadcrumbList\",\"@id\":\"https:\\\/\\\/felixdamianfilms.com\\\/en\\\/sesion-de-fotos-para-profesionales\\\/#breadcrumb\",\"itemListElement\":[{\"@type\":\"ListItem\",\"position\":1,\"name\":\"Home\",\"item\":\"https:\\\/\\\/felixdamianfilms.com\\\/en\\\/\"},{\"@type\":\"ListItem\",\"position\":2,\"name\":\"Sesi\u00f3n foto expr\u00e9s para profesionales\"}]},{\"@type\":\"WebSite\",\"@id\":\"https:\\\/\\\/felixdamianfilms.com\\\/en\\\/#website\",\"url\":\"https:\\\/\\\/felixdamianfilms.com\\\/en\\\/\",\"name\":\"Felix Damian Photographer Madrid\",\"description\":\"Event Photographer and Videographer Madrid\",\"potentialAction\":[{\"@type\":\"SearchAction\",\"target\":{\"@type\":\"EntryPoint\",\"urlTemplate\":\"https:\\\/\\\/felixdamianfilms.com\\\/en\\\/?s={search_term_string}\"},\"query-input\":{\"@type\":\"PropertyValueSpecification\",\"valueRequired\":true,\"valueName\":\"search_term_string\"}}],\"inLanguage\":\"en-US\"},{\"@type\":\"Person\",\"@id\":\"https:\\\/\\\/felixdamianfilms.com\\\/en\\\/#\\\/schema\\\/person\\\/569c908de2eb1e5b2ab68317d7c1a14e\",\"name\":\"Felix Damian\",\"image\":{\"@type\":\"ImageObject\",\"inLanguage\":\"en-US\",\"@id\":\"https:\\\/\\\/secure.gravatar.com\\\/avatar\\\/f4ed55aee7bf0b6c98852711589961e986f92496b64fbbfcd2b9b69212cccdfc?s=96&d=mm&r=g\",\"url\":\"https:\\\/\\\/secure.gravatar.com\\\/avatar\\\/f4ed55aee7bf0b6c98852711589961e986f92496b64fbbfcd2b9b69212cccdfc?s=96&d=mm&r=g\",\"contentUrl\":\"https:\\\/\\\/secure.gravatar.com\\\/avatar\\\/f4ed55aee7bf0b6c98852711589961e986f92496b64fbbfcd2b9b69212cccdfc?s=96&d=mm&r=g\",\"caption\":\"Felix Damian\"},\"sameAs\":[\"https:\\\/\\\/www.facebook.com\\\/FelixDamianFilms\",\"https:\\\/\\\/x.com\\\/FelixDamianFilm\"],\"url\":\"https:\\\/\\\/felixdamianfilms.com\\\/en\\\/author\\\/felixdamianfilms\\\/\"}]}<\/script>\n<!-- \/ Yoast SEO plugin. -->","yoast_head_json":{"title":"Sesi\u00f3n foto expr\u00e9s para profesionales | Felix Damian Photographer Madrid","description":"Hemos preparado una sesi\u00f3n personalizada de retrato headshot (cabeza y hombros) con una duraci\u00f3n de 10 minutos sobre fondo de color blanco.","robots":{"index":"index","follow":"follow","max-snippet":"max-snippet:-1","max-image-preview":"max-image-preview:large","max-video-preview":"max-video-preview:-1"},"canonical":"https:\/\/felixdamianfilms.com\/en\/sesion-de-fotos-para-profesionales\/","og_locale":"en_US","og_type":"article","og_title":"Sesi\u00f3n foto expr\u00e9s para profesionales | Felix Damian Photographer Madrid","og_description":"Hemos preparado una sesi\u00f3n personalizada de retrato headshot (cabeza y hombros) con una duraci\u00f3n de 10 minutos sobre fondo de color blanco.","og_url":"https:\/\/felixdamianfilms.com\/en\/sesion-de-fotos-para-profesionales\/","og_site_name":"Felix Damian Photographer Madrid","article_publisher":"http:\/\/www.facebook.com\/FelixDamianFilms","article_author":"https:\/\/www.facebook.com\/FelixDamianFilms","article_published_time":"2019-05-01T19:50:50+00:00","article_modified_time":"2019-08-26T13:57:11+00:00","og_image":[{"width":940,"height":788,"url":"https:\/\/felixdamianfilms.com\/en\/wp-content\/uploads\/2019\/05\/retratos-profesionales-post-facebook.jpg","type":"image\/jpeg"}],"author":"Felix Damian","twitter_card":"summary_large_image","twitter_creator":"@FelixDamianFilm","twitter_site":"@FelixDamianFilm","twitter_misc":{"Written by":"Felix Damian","Est. reading time":"7 minutes"},"schema":{"@context":"https:\/\/schema.org","@graph":[{"@type":"Article","@id":"https:\/\/felixdamianfilms.com\/en\/sesion-de-fotos-para-profesionales\/#article","isPartOf":{"@id":"https:\/\/felixdamianfilms.com\/en\/sesion-de-fotos-para-profesionales\/"},"author":{"name":"Felix Damian","@id":"https:\/\/felixdamianfilms.com\/en\/#\/schema\/person\/569c908de2eb1e5b2ab68317d7c1a14e"},"headline":"Sesi\u00f3n foto expr\u00e9s para profesionales","datePublished":"2019-05-01T19:50:50+00:00","dateModified":"2019-08-26T13:57:11+00:00","mainEntityOfPage":{"@id":"https:\/\/felixdamianfilms.com\/en\/sesion-de-fotos-para-profesionales\/"},"wordCount":1406,"image":{"@id":"https:\/\/felixdamianfilms.com\/en\/sesion-de-fotos-para-profesionales\/#primaryimage"},"thumbnailUrl":"https:\/\/felixdamianfilms.com\/en\/wp-content\/uploads\/2019\/05\/fotos-para-website-75.jpg","keywords":["coworking","retratos","sesion foto"],"articleSection":["Nuestras noticias"],"inLanguage":"en-US"},{"@type":"WebPage","@id":"https:\/\/felixdamianfilms.com\/en\/sesion-de-fotos-para-profesionales\/","url":"https:\/\/felixdamianfilms.com\/en\/sesion-de-fotos-para-profesionales\/","name":"Sesi\u00f3n foto expr\u00e9s para profesionales | Felix Damian Photographer Madrid","isPartOf":{"@id":"https:\/\/felixdamianfilms.com\/en\/#website"},"primaryImageOfPage":{"@id":"https:\/\/felixdamianfilms.com\/en\/sesion-de-fotos-para-profesionales\/#primaryimage"},"image":{"@id":"https:\/\/felixdamianfilms.com\/en\/sesion-de-fotos-para-profesionales\/#primaryimage"},"thumbnailUrl":"https:\/\/felixdamianfilms.com\/en\/wp-content\/uploads\/2019\/05\/fotos-para-website-75.jpg","datePublished":"2019-05-01T19:50:50+00:00","dateModified":"2019-08-26T13:57:11+00:00","author":{"@id":"https:\/\/felixdamianfilms.com\/en\/#\/schema\/person\/569c908de2eb1e5b2ab68317d7c1a14e"},"description":"Hemos preparado una sesi\u00f3n personalizada de retrato headshot (cabeza y hombros) con una duraci\u00f3n de 10 minutos sobre fondo de color blanco.","breadcrumb":{"@id":"https:\/\/felixdamianfilms.com\/en\/sesion-de-fotos-para-profesionales\/#breadcrumb"},"inLanguage":"en-US","potentialAction":[{"@type":"ReadAction","target":["https:\/\/felixdamianfilms.com\/en\/sesion-de-fotos-para-profesionales\/"]}]},{"@type":"ImageObject","inLanguage":"en-US","@id":"https:\/\/felixdamianfilms.com\/en\/sesion-de-fotos-para-profesionales\/#primaryimage","url":"https:\/\/felixdamianfilms.com\/en\/wp-content\/uploads\/2019\/05\/fotos-para-website-75.jpg","contentUrl":"https:\/\/felixdamianfilms.com\/en\/wp-content\/uploads\/2019\/05\/fotos-para-website-75.jpg","width":1200,"height":800,"caption":"retrato sesion foto para coworkings"},{"@type":"BreadcrumbList","@id":"https:\/\/felixdamianfilms.com\/en\/sesion-de-fotos-para-profesionales\/#breadcrumb","itemListElement":[{"@type":"ListItem","position":1,"name":"Home","item":"https:\/\/felixdamianfilms.com\/en\/"},{"@type":"ListItem","position":2,"name":"Sesi\u00f3n foto expr\u00e9s para profesionales"}]},{"@type":"WebSite","@id":"https:\/\/felixdamianfilms.com\/en\/#website","url":"https:\/\/felixdamianfilms.com\/en\/","name":"Felix Damian Photographer Madrid","description":"Event Photographer and Videographer Madrid","potentialAction":[{"@type":"SearchAction","target":{"@type":"EntryPoint","urlTemplate":"https:\/\/felixdamianfilms.com\/en\/?s={search_term_string}"},"query-input":{"@type":"PropertyValueSpecification","valueRequired":true,"valueName":"search_term_string"}}],"inLanguage":"en-US"},{"@type":"Person","@id":"https:\/\/felixdamianfilms.com\/en\/#\/schema\/person\/569c908de2eb1e5b2ab68317d7c1a14e","name":"Felix Damian","image":{"@type":"ImageObject","inLanguage":"en-US","@id":"https:\/\/secure.gravatar.com\/avatar\/f4ed55aee7bf0b6c98852711589961e986f92496b64fbbfcd2b9b69212cccdfc?s=96&d=mm&r=g","url":"https:\/\/secure.gravatar.com\/avatar\/f4ed55aee7bf0b6c98852711589961e986f92496b64fbbfcd2b9b69212cccdfc?s=96&d=mm&r=g","contentUrl":"https:\/\/secure.gravatar.com\/avatar\/f4ed55aee7bf0b6c98852711589961e986f92496b64fbbfcd2b9b69212cccdfc?s=96&d=mm&r=g","caption":"Felix Damian"},"sameAs":["https:\/\/www.facebook.com\/FelixDamianFilms","https:\/\/x.com\/FelixDamianFilm"],"url":"https:\/\/felixdamianfilms.com\/en\/author\/felixdamianfilms\/"}]}},"_links":{"self":[{"href":"https:\/\/felixdamianfilms.com\/en\/wp-json\/wp\/v2\/posts\/209474","targetHints":{"allow":["GET"]}}],"collection":[{"href":"https:\/\/felixdamianfilms.com\/en\/wp-json\/wp\/v2\/posts"}],"about":[{"href":"https:\/\/felixdamianfilms.com\/en\/wp-json\/wp\/v2\/types\/post"}],"author":[{"embeddable":true,"href":"https:\/\/felixdamianfilms.com\/en\/wp-json\/wp\/v2\/users\/1"}],"replies":[{"embeddable":true,"href":"https:\/\/felixdamianfilms.com\/en\/wp-json\/wp\/v2\/comments?post=209474"}],"version-history":[{"count":27,"href":"https:\/\/felixdamianfilms.com\/en\/wp-json\/wp\/v2\/posts\/209474\/revisions"}],"predecessor-version":[{"id":210045,"href":"https:\/\/felixdamianfilms.com\/en\/wp-json\/wp\/v2\/posts\/209474\/revisions\/210045"}],"wp:featuredmedia":[{"embeddable":true,"href":"https:\/\/felixdamianfilms.com\/en\/wp-json\/wp\/v2\/media\/210035"}],"wp:attachment":[{"href":"https:\/\/felixdamianfilms.com\/en\/wp-json\/wp\/v2\/media?parent=209474"}],"wp:term":[{"taxonomy":"category","embeddable":true,"href":"https:\/\/felixdamianfilms.com\/en\/wp-json\/wp\/v2\/categories?post=209474"},{"taxonomy":"post_tag","embeddable":true,"href":"https:\/\/felixdamianfilms.com\/en\/wp-json\/wp\/v2\/tags?post=209474"}],"curies":[{"name":"wp","href":"https:\/\/api.w.org\/{rel}","templated":true}]}}